{"id":39725,"date":"2019-03-14T15:02:15","date_gmt":"2019-03-14T14:02:15","guid":{"rendered":"https:\/\/alzira.es\/comunicado-del-alcalde-sobre-la-utilizacion-de-la-imagen-de-la-fallera-mayor-en-a-punt\/"},"modified":"2019-03-14T15:02:15","modified_gmt":"2019-03-14T14:02:15","slug":"comunicado-del-alcalde-sobre-la-utilizacion-de-la-imagen-de-la-fallera-mayor-en-a-punt","status":"publish","type":"post","link":"https:\/\/alzira.es\/es\/comunicado-del-alcalde-sobre-la-utilizacion-de-la-imagen-de-la-fallera-mayor-en-a-punt\/","title":{"rendered":"Comunicado del alcalde sobre la utilizaci\u00f3n de la imagen de la Fallera Mayor en \u00c0 Punt"},"content":{"rendered":"<p style=\"text-align: justify;\"><strong><a href=\"https:\/\/alzira.es\/wp-content\/uploads\/2019\/03\/alzira-falles-2018.jpg\" target=\"_blank\" rel=\"noopener\"><img fetchpriority=\"high\" decoding=\"async\" class=\" alignleft size-full wp-image-39722\" style=\"margin-right: 10px; float: left;\" title=\"Comunicado del alcalde sobre la utilizaci\u00f3n de la imagen de la Fallera Mayor en \u00c0 Punt\" src=\"https:\/\/alzira.es\/wp-content\/uploads\/2019\/03\/alzira-falles-2018.jpg\" alt=\"alzira-falles-2018\" width=\"600\" height=\"450\" srcset=\"https:\/\/alzira.es\/wp-content\/uploads\/2019\/03\/alzira-falles-2018.jpg 960w, https:\/\/alzira.es\/wp-content\/uploads\/2019\/03\/alzira-falles-2018-680x510.jpg 680w, https:\/\/alzira.es\/wp-content\/uploads\/2019\/03\/alzira-falles-2018-768x576.jpg 768w\" sizes=\"(max-width: 600px) 100vw, 600px\" \/><\/a>Alzira, 14 de marzo de 2019-<\/strong>. El alcalde de Alzira y presidente honor\u00edfico de la Junta Local Fallera (JLF), tras la emisi\u00f3n de un programa de \u00c0 Punt donde se utiliza la imagen de la Fallera Mayor de Alzira manifiesto:<\/p>\n<p style=\"text-align: justify;\"><strong>1-<\/strong> Mi apoyo a la Fallera Mayor de Alzira, Mercedes Bohigues, como mujer y como Reina de las fiestas de la ciudad y que representa a todas las mujeres falleras de Alzira.<\/p>\n<p style=\"text-align: justify;\"><strong>2-<\/strong> Lamento el uso sin permiso de su imagen en el programa televisivo.<\/p>\n<p style=\"text-align: justify;\"><strong>3-<\/strong> Lamento la imagen ridiculizada de la mujer que se hace en el programa y que, a pesar de que est\u00e1 en un contexto de humor, ahora estamos luchando contra la violencia machista, la lucha de las mujeres a la que apoyamos desde las instituciones. Ridiculizar a la Fallera Mayor de esta forma, no tocaba. Este punto es el que m\u00e1s me preocupa y tengo que manifestar que: sin mujeres no hay fallas. Ahora toca disfrutar de las fiestas y apoyar a Mercedes Bohigues.<\/p>\n","protected":false},"excerpt":{"rendered":"<p>Alzira, 14 de marzo de 2019-. El alcalde de Alzira y presidente honor\u00edfico de la Junta Local Fallera (JLF), tras la emisi\u00f3n de un programa de \u00c0 Punt donde se utiliza la imagen de la Fallera Mayor de Alzira manifiesto: 1- Mi apoyo a la Fallera Mayor de Alzira, Mercedes Bohigues, como mujer y como &hellip; <\/p>\n<p class=\"link-more\"><a href=\"https:\/\/alzira.es\/es\/comunicado-del-alcalde-sobre-la-utilizacion-de-la-imagen-de-la-fallera-mayor-en-a-punt\/\" class=\"more-link\">Continuar leyendo<span class=\"screen-reader-text\"> \u00abComunicado del alcalde sobre la utilizaci\u00f3n de la imagen de la Fallera Mayor en \u00c0 Punt\u00bb<\/span><\/a><\/p>\n","protected":false},"author":12,"featured_media":39722,"comment_status":"","ping_status":"","sticky":false,"template":"","format":"standard","meta":{"_acf_changed":false,"footnotes":""},"categories":[4936],"tags":[],"class_list":["post-39725","post","type-post","status-publish","format-standard","has-post-thumbnail","hentry","category-hemeroteca-es"],"acf":[],"_links":{"self":[{"href":"https:\/\/alzira.es\/es\/wp-json\/wp\/v2\/posts\/39725","targetHints":{"allow":["GET"]}}],"collection":[{"href":"https:\/\/alzira.es\/es\/wp-json\/wp\/v2\/posts"}],"about":[{"href":"https:\/\/alzira.es\/es\/wp-json\/wp\/v2\/types\/post"}],"author":[{"embeddable":true,"href":"https:\/\/alzira.es\/es\/wp-json\/wp\/v2\/users\/12"}],"replies":[{"embeddable":true,"href":"https:\/\/alzira.es\/es\/wp-json\/wp\/v2\/comments?post=39725"}],"version-history":[{"count":0,"href":"https:\/\/alzira.es\/es\/wp-json\/wp\/v2\/posts\/39725\/revisions"}],"wp:featuredmedia":[{"embeddable":true,"href":"https:\/\/alzira.es\/es\/wp-json\/wp\/v2\/media\/39722"}],"wp:attachment":[{"href":"https:\/\/alzira.es\/es\/wp-json\/wp\/v2\/media?parent=39725"}],"wp:term":[{"taxonomy":"category","embeddable":true,"href":"https:\/\/alzira.es\/es\/wp-json\/wp\/v2\/categories?post=39725"},{"taxonomy":"post_tag","embeddable":true,"href":"https:\/\/alzira.es\/es\/wp-json\/wp\/v2\/tags?post=39725"}],"curies":[{"name":"wp","href":"https:\/\/api.w.org\/{rel}","templated":true}]}}