{"id":39716,"date":"2019-03-14T14:27:12","date_gmt":"2019-03-14T13:27:12","guid":{"rendered":"https:\/\/alzira.es\/l-ajuntament-d-alzira-informa-que-fins-a-l-1-d-abril-es-poden-sol-licitar-les-ajudes-extraordinaries-a-l-estudi\/"},"modified":"2019-03-14T14:27:12","modified_gmt":"2019-03-14T13:27:12","slug":"l-ajuntament-d-alzira-informa-que-fins-a-l-1-d-abril-es-poden-sol-licitar-les-ajudes-extraordinaries-a-l-estudi","status":"publish","type":"post","link":"https:\/\/alzira.es\/es\/l-ajuntament-d-alzira-informa-que-fins-a-l-1-d-abril-es-poden-sol-licitar-les-ajudes-extraordinaries-a-l-estudi\/","title":{"rendered":"L\u2019Ajuntament d\u2019Alzira informa que fins a l\u20191 d\u2019abril es poden sol\u2022licitar les ajudes extraordin\u00e0ries a l\u2019estudi"},"content":{"rendered":"<p style=\"text-align: justify;\"><strong><a href=\"https:\/\/alzira.es\/wp-content\/uploads\/2019\/03\/20170614_103118.jpg\" target=\"_blank\" rel=\"noopener\"><img fetchpriority=\"high\" decoding=\"async\" class=\" alignleft size-full wp-image-39712\" style=\"margin-right: 10px; float: left;\" title=\"L\u2019Ajuntament d\u2019Alzira informa que fins a l\u20191 d\u2019abril es poden sol\u2022licitar les ajudes extraordin\u00e0ries a l\u2019estudi\" src=\"https:\/\/alzira.es\/wp-content\/uploads\/2019\/03\/20170614_103118.jpg\" alt=\"20170614 103118\" width=\"600\" height=\"450\" srcset=\"https:\/\/alzira.es\/wp-content\/uploads\/2019\/03\/20170614_103118.jpg 1200w, https:\/\/alzira.es\/wp-content\/uploads\/2019\/03\/20170614_103118-680x510.jpg 680w, https:\/\/alzira.es\/wp-content\/uploads\/2019\/03\/20170614_103118-768x576.jpg 768w\" sizes=\"(max-width: 600px) 100vw, 600px\" \/><\/a>Alzira, 12 de mar\u00e7 de 2019 \u2013<\/strong> Des de la Regidoria d&#8217;Educaci\u00f3 i Inf\u00e0ncia de l&#8217;Ajuntament d&#8217;Alzira s&#8217;informa a totes i tots els interessats que s&#8217;ha obert el termini de sol\u2022licituds d&#8217;ajudes de car\u00e0cter extraordinari, fins a l&#8217;1 d&#8217;abril, per a l&#8217;exercici d&#8217;activitats formatives que s&#8217;estiguen realitzant o que s&#8217;hagen realitzat al llarg del curs 2018\/2019, o en l&#8217;estiu de 2019 (juliol i agost) .<\/p>\n<p style=\"text-align: justify;\">Podran acollir-se i ser beneficiaris de les ajudes extraordin\u00e0ries<br \/>a l&#8217;estudi les persones menors de 30 anys, residents a Alzira,<br \/>amb insufici\u00e8ncia de mitjans econ\u00f2mics per a realitzar l&#8217;activitat<br \/>proposada, que complisquen els m\u00e8rits suficients per a ser beneficiaris i en concurr\u00e8ncia amb alguna de les condicions establlides a les bases i publicades en el BOP.<\/p>\n<p style=\"text-align: justify;\">Poden consultar tota la informaci\u00f3 en el web de l&#8217;Ajuntament d&#8217;Alzira: <span style=\"color: #0000ff;\">https:\/\/alzira.es\/alzira_ Administraci\u00f3 24h \u2013 tr\u00e0mits des de casa &#8211; cat\u00e0leg de tr\u00e0mits- Educaci\u00f3 i Cultura- Ajudes extraordin\u00e0ries a l&#8217;estudi.<\/span><\/p>\n<p style=\"text-align: justify;\">Les activitats per a les quals podran demanar-se estes ajudes seran.<\/p>\n<p style=\"text-align: justify;\"><strong>a)<\/strong> Cursos de formaci\u00f3 universit\u00e0ria o postgrau en altres comunitats aut\u00f2nomes (en el cas que no n&#8217;hi haja a la Comunitat Valenciana).<br \/><strong>b)<\/strong> Cursos de formaci\u00f3 universit\u00e0ria o postgrau en l&#8217;estranger.<br \/><strong>c)<\/strong> Cursos complementaris a les ensenyances de r\u00e8gim espec\u00edfic.<br \/><strong>d)<\/strong> Cursos, tallers i altres activitats formatives per a l&#8217;estiu (juliol i agost) de 2018, complement\u00e0ries a la formaci\u00f3 reglada.<\/p>\n<p style=\"text-align: justify;\">\u00abUn dels objectius marcats des de la Regidoria d&#8217;Educaci\u00f3 i Inf\u00e0ncia, \u00e9s que tant joves com adults, amb ganes d&#8217;ampliar els seus estudis, tinguen la possibilitat de continuar fent-ho, i amb estes ajudes de car\u00e0cter extraordinari donem un altre pas endavant cap a una educaci\u00f3 oberta a totes i tots\u00bb.<\/p>\n<p style=\"text-align: justify;\">&nbsp;<\/p>\n","protected":false},"excerpt":{"rendered":"<p>Alzira, 12 de mar\u00e7 de 2019 \u2013 Des de la Regidoria d&#8217;Educaci\u00f3 i Inf\u00e0ncia de l&#8217;Ajuntament d&#8217;Alzira s&#8217;informa a totes i tots els interessats que s&#8217;ha obert el termini de sol\u2022licituds d&#8217;ajudes de car\u00e0cter extraordinari, fins a l&#8217;1 d&#8217;abril, per a l&#8217;exercici d&#8217;activitats formatives que s&#8217;estiguen realitzant o que s&#8217;hagen realitzat al llarg del curs &hellip; <\/p>\n<p class=\"link-more\"><a href=\"https:\/\/alzira.es\/es\/l-ajuntament-d-alzira-informa-que-fins-a-l-1-d-abril-es-poden-sol-licitar-les-ajudes-extraordinaries-a-l-estudi\/\" class=\"more-link\">Continuar leyendo<span class=\"screen-reader-text\"> \u00abL\u2019Ajuntament d\u2019Alzira informa que fins a l\u20191 d\u2019abril es poden sol\u2022licitar les ajudes extraordin\u00e0ries a l\u2019estudi\u00bb<\/span><\/a><\/p>\n","protected":false},"author":12,"featured_media":39712,"comment_status":"","ping_status":"","sticky":false,"template":"","format":"standard","meta":{"_acf_changed":false,"footnotes":""},"categories":[],"tags":[],"class_list":["post-39716","post","type-post","status-publish","format-standard","has-post-thumbnail","hentry"],"acf":[],"_links":{"self":[{"href":"https:\/\/alzira.es\/es\/wp-json\/wp\/v2\/posts\/39716","targetHints":{"allow":["GET"]}}],"collection":[{"href":"https:\/\/alzira.es\/es\/wp-json\/wp\/v2\/posts"}],"about":[{"href":"https:\/\/alzira.es\/es\/wp-json\/wp\/v2\/types\/post"}],"author":[{"embeddable":true,"href":"https:\/\/alzira.es\/es\/wp-json\/wp\/v2\/users\/12"}],"replies":[{"embeddable":true,"href":"https:\/\/alzira.es\/es\/wp-json\/wp\/v2\/comments?post=39716"}],"version-history":[{"count":0,"href":"https:\/\/alzira.es\/es\/wp-json\/wp\/v2\/posts\/39716\/revisions"}],"wp:featuredmedia":[{"embeddable":true,"href":"https:\/\/alzira.es\/es\/wp-json\/wp\/v2\/media\/39712"}],"wp:attachment":[{"href":"https:\/\/alzira.es\/es\/wp-json\/wp\/v2\/media?parent=39716"}],"wp:term":[{"taxonomy":"category","embeddable":true,"href":"https:\/\/alzira.es\/es\/wp-json\/wp\/v2\/categories?post=39716"},{"taxonomy":"post_tag","embeddable":true,"href":"https:\/\/alzira.es\/es\/wp-json\/wp\/v2\/tags?post=39716"}],"curies":[{"name":"wp","href":"https:\/\/api.w.org\/{rel}","templated":true}]}}