{"id":39714,"date":"2019-03-14T14:27:12","date_gmt":"2019-03-14T13:27:12","guid":{"rendered":"https:\/\/alzira.es\/el-ayuntamiento-de-alzira-informa-que-hasta-el-1-de-abril-se-pueden-solicitar-las-ayudas-extraordinarias-al-estudio\/"},"modified":"2019-03-14T14:27:12","modified_gmt":"2019-03-14T13:27:12","slug":"el-ayuntamiento-de-alzira-informa-que-hasta-el-1-de-abril-se-pueden-solicitar-las-ayudas-extraordinarias-al-estudio","status":"publish","type":"post","link":"https:\/\/alzira.es\/es\/el-ayuntamiento-de-alzira-informa-que-hasta-el-1-de-abril-se-pueden-solicitar-las-ayudas-extraordinarias-al-estudio\/","title":{"rendered":"El Ayuntamiento de Alzira informa de que hasta el 1 de abril se pueden solicitar las ayudas extraordinarias al estudio"},"content":{"rendered":"<p style=\"text-align: justify;\"><strong><a href=\"https:\/\/alzira.es\/wp-content\/uploads\/2019\/03\/20170614_103118.jpg\" target=\"_blank\" rel=\"noopener\"><img fetchpriority=\"high\" decoding=\"async\" class=\" alignleft size-full wp-image-39712\" style=\"margin-right: 10px; float: left;\" title=\"El Ayuntamiento de Alzira informa que hasta el 1 de abril se pueden solicitar las ayudas extraordinarias al estudio\" src=\"https:\/\/alzira.es\/wp-content\/uploads\/2019\/03\/20170614_103118.jpg\" alt=\"20170614 103118\" width=\"600\" height=\"450\" srcset=\"https:\/\/alzira.es\/wp-content\/uploads\/2019\/03\/20170614_103118.jpg 1200w, https:\/\/alzira.es\/wp-content\/uploads\/2019\/03\/20170614_103118-680x510.jpg 680w, https:\/\/alzira.es\/wp-content\/uploads\/2019\/03\/20170614_103118-768x576.jpg 768w\" sizes=\"(max-width: 600px) 100vw, 600px\" \/><\/a>Alzira, 12 de marzo de 2019 &#8211;<\/strong> Desde la Concejal\u00eda de Educaci\u00f3n e Infancia del Ayuntamiento de Alzira se informa a todas y todos los interesados \u200b\u200bque se ha abierto el plazo de solicitudes de ayudas de car\u00e1cter extraordinario hasta el 1 de abril para el ejercicio de actividades formativas que se est\u00e9n realizando o se hayan realizado a lo largo del curso 2018\/2019, o en el verano de 2019 (julio y agosto).<\/p>\n<p style=\"text-align: justify;\">Podr\u00e1n acogerse y ser beneficiarios de las ayudas extraordinarias&nbsp;al estudio las personas menores de 30 a\u00f1os, residentes en Alzira,&nbsp;con insuficiencia de medios econ\u00f3micos para realizar la actividad&nbsp;propuesta, que cumplan los m\u00e9ritos suficientes para ser beneficiarios y en concurrencia con alguna de las condiciones establlides a las bases y publicadas en el BOP.<\/p>\n<p style=\"text-align: justify;\">Pueden consultar toda la informaci\u00f3n en la web del Ayuntamiento de Alzira: <span style=\"color: #0000ff;\">https:\/\/alzira.es\/alzira_ Administraci\u00f3n 24h &#8211; tr\u00e1mites desde casa &#8211; cat\u00e1logo de tr\u00e1mites- Educaci\u00f3n y Cultura- Ayudas extraordinarias al estudio.<\/span><\/p>\n<p style=\"text-align: justify;\">Las actividades para las que podr\u00e1n pedirse estas ayudas ser\u00e1n.<\/p>\n<p style=\"text-align: justify;\"><strong>a)<\/strong> Cursos de formaci\u00f3n universitaria o postgrado en otras comunidades aut\u00f3nomas (en el caso de no existir en la Comunidad Valenciana).<br \/><strong>b)<\/strong> Cursos de formaci\u00f3n universitaria o postgrado en el extranjero.<br \/><strong>c)<\/strong> Cursos complementarios a las ense\u00f1anzas de r\u00e9gimen espec\u00edfico.<br \/><strong>d)<\/strong> Cursos, talleres y otras actividades formativas para el verano (julio y agosto) de 2018, complementarios a la formaci\u00f3n reglada.<\/p>\n<p style=\"text-align: justify;\">\u00abUno de los objetivos marcados desde la Concejal\u00eda de Educaci\u00f3n e Infancia es que tanto j\u00f3venes como adultos con ganas de ampliar sus estudios, tengan la posibilidad de continuar haci\u00e9ndolo, y con estas ayudas de car\u00e1cter extraordinario damos otro paso adelante hacia una educaci\u00f3n abierta a todas y todos\u00bb.<\/p>\n","protected":false},"excerpt":{"rendered":"<p>Alzira, 12 de marzo de 2019 &#8211; Desde la Concejal\u00eda de Educaci\u00f3n e Infancia del Ayuntamiento de Alzira se informa a todas y todos los interesados \u200b\u200bque se ha abierto el plazo de solicitudes de ayudas de car\u00e1cter extraordinario hasta el 1 de abril para el ejercicio de actividades formativas que se est\u00e9n realizando o &hellip; <\/p>\n<p class=\"link-more\"><a href=\"https:\/\/alzira.es\/es\/el-ayuntamiento-de-alzira-informa-que-hasta-el-1-de-abril-se-pueden-solicitar-las-ayudas-extraordinarias-al-estudio\/\" class=\"more-link\">Continuar leyendo<span class=\"screen-reader-text\"> \u00abEl Ayuntamiento de Alzira informa de que hasta el 1 de abril se pueden solicitar las ayudas extraordinarias al estudio\u00bb<\/span><\/a><\/p>\n","protected":false},"author":12,"featured_media":39712,"comment_status":"","ping_status":"","sticky":false,"template":"","format":"standard","meta":{"_acf_changed":false,"footnotes":""},"categories":[4936],"tags":[],"class_list":["post-39714","post","type-post","status-publish","format-standard","has-post-thumbnail","hentry","category-hemeroteca-es"],"acf":[],"_links":{"self":[{"href":"https:\/\/alzira.es\/es\/wp-json\/wp\/v2\/posts\/39714","targetHints":{"allow":["GET"]}}],"collection":[{"href":"https:\/\/alzira.es\/es\/wp-json\/wp\/v2\/posts"}],"about":[{"href":"https:\/\/alzira.es\/es\/wp-json\/wp\/v2\/types\/post"}],"author":[{"embeddable":true,"href":"https:\/\/alzira.es\/es\/wp-json\/wp\/v2\/users\/12"}],"replies":[{"embeddable":true,"href":"https:\/\/alzira.es\/es\/wp-json\/wp\/v2\/comments?post=39714"}],"version-history":[{"count":0,"href":"https:\/\/alzira.es\/es\/wp-json\/wp\/v2\/posts\/39714\/revisions"}],"wp:featuredmedia":[{"embeddable":true,"href":"https:\/\/alzira.es\/es\/wp-json\/wp\/v2\/media\/39712"}],"wp:attachment":[{"href":"https:\/\/alzira.es\/es\/wp-json\/wp\/v2\/media?parent=39714"}],"wp:term":[{"taxonomy":"category","embeddable":true,"href":"https:\/\/alzira.es\/es\/wp-json\/wp\/v2\/categories?post=39714"},{"taxonomy":"post_tag","embeddable":true,"href":"https:\/\/alzira.es\/es\/wp-json\/wp\/v2\/tags?post=39714"}],"curies":[{"name":"wp","href":"https:\/\/api.w.org\/{rel}","templated":true}]}}