{"id":39670,"date":"2019-03-13T11:11:36","date_gmt":"2019-03-13T10:11:36","guid":{"rendered":"https:\/\/alzira.es\/l-ajuntament-concedix-una-subvencio-de-20-000-euros-per-a-l-escola-d-educands-de-la-societat-musical\/"},"modified":"2019-03-13T11:11:36","modified_gmt":"2019-03-13T10:11:36","slug":"l-ajuntament-concedix-una-subvencio-de-20-000-euros-per-a-l-escola-d-educands-de-la-societat-musical","status":"publish","type":"post","link":"https:\/\/alzira.es\/es\/l-ajuntament-concedix-una-subvencio-de-20-000-euros-per-a-l-escola-d-educands-de-la-societat-musical\/","title":{"rendered":"L\u2019Ajuntament concedix una subvenci\u00f3 de 20.000 euros per a l\u2019Escola d\u2019Educands de la Societat Musical"},"content":{"rendered":"<p style=\"text-align: justify;\"><strong><a href=\"https:\/\/alzira.es\/wp-content\/uploads\/2019\/03\/35859299_2534027336623169_3145664108066504704_n.jpg\" target=\"_blank\" rel=\"noopener\"><img fetchpriority=\"high\" decoding=\"async\" class=\" alignleft size-full wp-image-39666\" style=\"margin-right: 10px; float: left;\" title=\"L\u2019Ajuntament concedix una subvenci\u00f3 de 20.000 euros per a l\u2019Escola d\u2019Educands de la Societat Musical\" src=\"https:\/\/alzira.es\/wp-content\/uploads\/2019\/03\/35859299_2534027336623169_3145664108066504704_n.jpg\" alt=\"35859299 2534027336623169 3145664108066504704 n\" width=\"600\" height=\"450\" srcset=\"https:\/\/alzira.es\/wp-content\/uploads\/2019\/03\/35859299_2534027336623169_3145664108066504704_n.jpg 960w, https:\/\/alzira.es\/wp-content\/uploads\/2019\/03\/35859299_2534027336623169_3145664108066504704_n-680x510.jpg 680w, https:\/\/alzira.es\/wp-content\/uploads\/2019\/03\/35859299_2534027336623169_3145664108066504704_n-768x576.jpg 768w\" sizes=\"(max-width: 600px) 100vw, 600px\" \/><\/a>Alzira, 13 de mar\u00e7 de 2019.-<\/strong> L&#8217;Ajuntament d&#8217;Alzira ha aprovat, a inst\u00e0ncia de la Regidoria d&#8217;Educaci\u00f3 i Inf\u00e0ncia, concedir a l&#8217;Escola d&#8217;Educands de la Societat Musical d&#8217;Alzira (SMA) una subvenci\u00f3 de 20.000 euros per a l&#8217;any 2019, una ajuda que segons el regidor d&#8217;Educaci\u00f3 i Inf\u00e0ncia, Pepe Grau, est\u00e0 \u00abjustificada per la gran labor educativa i pedag\u00f2gica d&#8217;esta entitat que compta amb una escola amb centenars d&#8217;estudiants que s&#8217;inicien en la m\u00fasica i que despr\u00e9s passen a formar part de les distintes agrupacions, i molts d&#8217;ells al finalitzar els seus estudis s\u00f3n professionals de la m\u00fasica\u00bb.<\/p>\n<p style=\"text-align: justify;\">Cal recordar, com diu el regidor Pepe Grau, que l&#8217;escola d&#8217;educands, de la mateixa manera que el centre autoritzat de grau mitj\u00e0, estan completament habilitats i legalitzats, des de fa anys, pel que fa als professors i tot el personal no docent, un esfor\u00e7 que segons recalca Grau, \u00abcomporta un gran d\u00e8ficit econ\u00f2mic i per aix\u00f2, des de la meua regidoria hem millorat i hem duplicat l&#8217;ajuda a l&#8217;escola de m\u00fasica en un 100% dels diners destinats en l&#8217;anterior legislatura\u00bb.<\/p>\n<p style=\"text-align: justify;\">Pepe Grau destaca que l&#8217;Ajuntament \u00abcontinuar\u00e0 ajudant la SMA, i concretament a l&#8217;escola de m\u00fasica pel gran servici que presta als xiquets i xiquetes que volen estudiar m\u00fasica i formar part de les distintes agrupacions\u00bb.<\/p>\n<p style=\"text-align: justify;\">Per la seua banda, l&#8217;alcalde, Diego G\u00f3mez, assenyala \u00abel comprom\u00eds que t\u00e9 este equip de govern amb la Societat Musical i la seua labor pedag\u00f2gica i musical que la convertixen en la primera entitat cultural del poble, una entitat que enguany celebra el seu 50 aniversari\u00bb.<\/p>\n<p style=\"text-align: justify;\">&nbsp;<\/p>\n","protected":false},"excerpt":{"rendered":"<p>Alzira, 13 de mar\u00e7 de 2019.- L&#8217;Ajuntament d&#8217;Alzira ha aprovat, a inst\u00e0ncia de la Regidoria d&#8217;Educaci\u00f3 i Inf\u00e0ncia, concedir a l&#8217;Escola d&#8217;Educands de la Societat Musical d&#8217;Alzira (SMA) una subvenci\u00f3 de 20.000 euros per a l&#8217;any 2019, una ajuda que segons el regidor d&#8217;Educaci\u00f3 i Inf\u00e0ncia, Pepe Grau, est\u00e0 \u00abjustificada per la gran labor educativa &hellip; <\/p>\n<p class=\"link-more\"><a href=\"https:\/\/alzira.es\/es\/l-ajuntament-concedix-una-subvencio-de-20-000-euros-per-a-l-escola-d-educands-de-la-societat-musical\/\" class=\"more-link\">Continuar leyendo<span class=\"screen-reader-text\"> \u00abL\u2019Ajuntament concedix una subvenci\u00f3 de 20.000 euros per a l\u2019Escola d\u2019Educands de la Societat Musical\u00bb<\/span><\/a><\/p>\n","protected":false},"author":12,"featured_media":39666,"comment_status":"","ping_status":"","sticky":false,"template":"","format":"standard","meta":{"_acf_changed":false,"footnotes":""},"categories":[],"tags":[],"class_list":["post-39670","post","type-post","status-publish","format-standard","has-post-thumbnail","hentry"],"acf":[],"_links":{"self":[{"href":"https:\/\/alzira.es\/es\/wp-json\/wp\/v2\/posts\/39670","targetHints":{"allow":["GET"]}}],"collection":[{"href":"https:\/\/alzira.es\/es\/wp-json\/wp\/v2\/posts"}],"about":[{"href":"https:\/\/alzira.es\/es\/wp-json\/wp\/v2\/types\/post"}],"author":[{"embeddable":true,"href":"https:\/\/alzira.es\/es\/wp-json\/wp\/v2\/users\/12"}],"replies":[{"embeddable":true,"href":"https:\/\/alzira.es\/es\/wp-json\/wp\/v2\/comments?post=39670"}],"version-history":[{"count":0,"href":"https:\/\/alzira.es\/es\/wp-json\/wp\/v2\/posts\/39670\/revisions"}],"wp:featuredmedia":[{"embeddable":true,"href":"https:\/\/alzira.es\/es\/wp-json\/wp\/v2\/media\/39666"}],"wp:attachment":[{"href":"https:\/\/alzira.es\/es\/wp-json\/wp\/v2\/media?parent=39670"}],"wp:term":[{"taxonomy":"category","embeddable":true,"href":"https:\/\/alzira.es\/es\/wp-json\/wp\/v2\/categories?post=39670"},{"taxonomy":"post_tag","embeddable":true,"href":"https:\/\/alzira.es\/es\/wp-json\/wp\/v2\/tags?post=39670"}],"curies":[{"name":"wp","href":"https:\/\/api.w.org\/{rel}","templated":true}]}}