{"id":39664,"date":"2019-03-13T11:04:10","date_gmt":"2019-03-13T10:04:10","guid":{"rendered":"https:\/\/alzira.es\/el-museu-faller-desperta-molta-curiositat-entre-els-que-el-visiten\/"},"modified":"2019-03-13T11:04:10","modified_gmt":"2019-03-13T10:04:10","slug":"el-museu-faller-desperta-molta-curiositat-entre-els-que-el-visiten","status":"publish","type":"post","link":"https:\/\/alzira.es\/es\/el-museu-faller-desperta-molta-curiositat-entre-els-que-el-visiten\/","title":{"rendered":"El Museu Faller desperta molta curiositat entre els que el visiten"},"content":{"rendered":"<p style=\"text-align: justify;\"><strong>Alzira, 13 de mar\u00e7 de 2019.-<\/strong> Les portes del Museu Faller s&#8217;han obert esta setmana, \u00aben nom\u00e9s dos dies han passat m\u00e9s de 600 perosones per tal de vore l&#8217;espai muse\u00edstic que mostra tota l&#8217;ess\u00e8ncia de les falles de la ciutat\u00bb, ha manifestat Isabel Aguilar, vicealcaldessa i regidora de Festes, Turisme i Patrimoni Cultural.<\/p>\n<p style=\"text-align: justify;\">La finalitat del Museu Faller \u00e9s la de realitzar un recorregut did\u00e0ctic per a informar-nos de tot all\u00f2 referent a la festa, des de la crem\u00e0 del 19 de mar\u00e7 fins a la plant\u00e0 del 16 de mar\u00e7 de l&#8217;any seg\u00fcent, passant per l&#8217;etimologia, el proc\u00e9s art\u00edstic, la m\u00fasica, la gastronomia, la indument\u00e0ria valenciana, la pirot\u00e8cnia&#8230;<\/p>\n<p style=\"text-align: justify;\">Unes locucions en valenci\u00e0, castell\u00e0 i angl\u00e9s, a trav\u00e9s de monitors, ens expliquen tot el que hem de saber per entendre la festa fallera.<\/p>\n<p style=\"text-align: justify;\">Han sigut mesos de treball, per part dels t\u00e8cnics de Patrimoni Cultural aix\u00ed com des de la Regidoria de Festes, per tal de donar forma a este anhelat projecte, un museu did\u00e0ctic pensat per a apropar a qui el visita tot all\u00f2 que \u00e9s necessari saber per entendre la festa que totes les valencianes i els valencians portem dins des del moment que venim al m\u00f3n.<\/p>\n<p style=\"text-align: justify;\">Al museu podem trobar des de l&#8217;evoluci\u00f3 en la creaci\u00f3 d&#8217;un ninot, fins admirar ninots indultats de la hist\u00f2ria de les Falles d&#8217;Alzira, als quals se sumen els tres indultats de l&#8217;exercici faller anterior. Quant a la indument\u00e0ria s&#8217;ha comptat amb la inestimable supervisi\u00f3 de l&#8217;expert en la mat\u00e8ria Xavier Rausell, que ha organitzat una mostra per tal d&#8217;admirar el proc\u00e9s quant a la transformaci\u00f3 de la indument\u00e0ria al llarg dels anys, on no falta l&#8217;espol\u00ed model Alzira que caracteritza i distingix les regines falleres d&#8217;Alzira.<\/p>\n<p style=\"text-align: justify;\">\u00abRealitzant un recorregut pels diversos espais en qu\u00e8 s&#8217;ha delimitat el museu podem con\u00e9ixer l&#8217;evoluci\u00f3 de les falles a Alzira, en totes les seues vessants, al llarg de hui dimecres i fins dissabte el museu estar\u00e0 obert entre les 11 i les 13 hores\u00bb, ha manifestat Aguilar.<\/p>\n<p style=\"text-align: justify;\">&nbsp;<\/p>\n<p style=\"text-align: center;\"><a href=\"https:\/\/alzira.es\/wp-content\/uploads\/2019\/03\/20190312_114341.jpg\" target=\"_blank\" rel=\"noopener\"><img fetchpriority=\"high\" decoding=\"async\" class=\" size-full wp-image-39648\" title=\"El Museu Faller desperta molta curiositat entre els que el visiten\" src=\"https:\/\/alzira.es\/wp-content\/uploads\/2019\/03\/20190312_114341.jpg\" alt=\"20190312 114341\" width=\"400\" height=\"225\" srcset=\"https:\/\/alzira.es\/wp-content\/uploads\/2019\/03\/20190312_114341.jpg 1200w, https:\/\/alzira.es\/wp-content\/uploads\/2019\/03\/20190312_114341-680x383.jpg 680w, https:\/\/alzira.es\/wp-content\/uploads\/2019\/03\/20190312_114341-768x432.jpg 768w\" sizes=\"(max-width: 400px) 100vw, 400px\" \/><\/a>&nbsp;<a href=\"https:\/\/alzira.es\/wp-content\/uploads\/2019\/03\/20190312_115301.jpg\" target=\"_blank\" rel=\"noopener\"><img decoding=\"async\" class=\"size-full wp-image-39651 lazyload\" title=\"El Museu Faller desperta molta curiositat entre els que el visiten\" data-src=\"https:\/\/alzira.es\/wp-content\/uploads\/2019\/03\/20190312_115301.jpg\" alt=\"20190312 115301\" width=\"400\" height=\"225\" data-srcset=\"https:\/\/alzira.es\/wp-content\/uploads\/2019\/03\/20190312_115301.jpg 1200w, https:\/\/alzira.es\/wp-content\/uploads\/2019\/03\/20190312_115301-680x383.jpg 680w, https:\/\/alzira.es\/wp-content\/uploads\/2019\/03\/20190312_115301-768x432.jpg 768w\" data-sizes=\"(max-width: 400px) 100vw, 400px\" src=\"data:image\/svg+xml;base64,PHN2ZyB3aWR0aD0iMSIgaGVpZ2h0PSIxIiB4bWxucz0iaHR0cDovL3d3dy53My5vcmcvMjAwMC9zdmciPjwvc3ZnPg==\" style=\"--smush-placeholder-width: 400px; --smush-placeholder-aspect-ratio: 400\/225;\" \/><\/a>&nbsp;<a href=\"https:\/\/alzira.es\/wp-content\/uploads\/2019\/03\/20190312_115639.jpg\" target=\"_blank\" rel=\"noopener\"><img decoding=\"async\" class=\"size-full wp-image-39653 lazyload\" title=\"El Museu Faller desperta molta curiositat entre els que el visiten\" data-src=\"https:\/\/alzira.es\/wp-content\/uploads\/2019\/03\/20190312_115639.jpg\" alt=\"20190312 115639\" width=\"400\" height=\"225\" data-srcset=\"https:\/\/alzira.es\/wp-content\/uploads\/2019\/03\/20190312_115639.jpg 1200w, https:\/\/alzira.es\/wp-content\/uploads\/2019\/03\/20190312_115639-680x383.jpg 680w, https:\/\/alzira.es\/wp-content\/uploads\/2019\/03\/20190312_115639-768x432.jpg 768w\" data-sizes=\"(max-width: 400px) 100vw, 400px\" src=\"data:image\/svg+xml;base64,PHN2ZyB3aWR0aD0iMSIgaGVpZ2h0PSIxIiB4bWxucz0iaHR0cDovL3d3dy53My5vcmcvMjAwMC9zdmciPjwvc3ZnPg==\" style=\"--smush-placeholder-width: 400px; --smush-placeholder-aspect-ratio: 400\/225;\" \/><\/a>&nbsp;<a href=\"https:\/\/alzira.es\/wp-content\/uploads\/2019\/03\/20190312_120244.jpg\" target=\"_blank\" rel=\"noopener\"><img decoding=\"async\" class=\"size-full wp-image-39656 lazyload\" title=\"El Museu Faller desperta molta curiositat entre els que el visiten\" data-src=\"https:\/\/alzira.es\/wp-content\/uploads\/2019\/03\/20190312_120244.jpg\" alt=\"20190312 120244\" width=\"400\" height=\"225\" data-srcset=\"https:\/\/alzira.es\/wp-content\/uploads\/2019\/03\/20190312_120244.jpg 1200w, https:\/\/alzira.es\/wp-content\/uploads\/2019\/03\/20190312_120244-680x383.jpg 680w, https:\/\/alzira.es\/wp-content\/uploads\/2019\/03\/20190312_120244-768x432.jpg 768w\" data-sizes=\"(max-width: 400px) 100vw, 400px\" src=\"data:image\/svg+xml;base64,PHN2ZyB3aWR0aD0iMSIgaGVpZ2h0PSIxIiB4bWxucz0iaHR0cDovL3d3dy53My5vcmcvMjAwMC9zdmciPjwvc3ZnPg==\" style=\"--smush-placeholder-width: 400px; --smush-placeholder-aspect-ratio: 400\/225;\" \/><\/a>&nbsp;<a href=\"https:\/\/alzira.es\/wp-content\/uploads\/2019\/03\/20190312_120158.jpg\" target=\"_blank\" rel=\"noopener\"><img decoding=\"async\" class=\"size-full wp-image-39658 lazyload\" title=\"El Museu Faller desperta molta curiositat entre els que el visiten\" data-src=\"https:\/\/alzira.es\/wp-content\/uploads\/2019\/03\/20190312_120158.jpg\" alt=\"20190312 120158\" width=\"400\" height=\"225\" data-srcset=\"https:\/\/alzira.es\/wp-content\/uploads\/2019\/03\/20190312_120158.jpg 1200w, https:\/\/alzira.es\/wp-content\/uploads\/2019\/03\/20190312_120158-680x383.jpg 680w, https:\/\/alzira.es\/wp-content\/uploads\/2019\/03\/20190312_120158-768x432.jpg 768w\" data-sizes=\"(max-width: 400px) 100vw, 400px\" src=\"data:image\/svg+xml;base64,PHN2ZyB3aWR0aD0iMSIgaGVpZ2h0PSIxIiB4bWxucz0iaHR0cDovL3d3dy53My5vcmcvMjAwMC9zdmciPjwvc3ZnPg==\" style=\"--smush-placeholder-width: 400px; --smush-placeholder-aspect-ratio: 400\/225;\" \/><\/a>&nbsp;<a href=\"https:\/\/alzira.es\/wp-content\/uploads\/2019\/03\/20190312_122223.jpg\" target=\"_blank\" rel=\"noopener\"><img decoding=\"async\" class=\"size-full wp-image-39660 lazyload\" title=\"El Museu Faller desperta molta curiositat entre els que el visiten\" data-src=\"https:\/\/alzira.es\/wp-content\/uploads\/2019\/03\/20190312_122223.jpg\" alt=\"20190312 122223\" width=\"400\" height=\"225\" data-srcset=\"https:\/\/alzira.es\/wp-content\/uploads\/2019\/03\/20190312_122223.jpg 1200w, https:\/\/alzira.es\/wp-content\/uploads\/2019\/03\/20190312_122223-680x383.jpg 680w, https:\/\/alzira.es\/wp-content\/uploads\/2019\/03\/20190312_122223-768x432.jpg 768w\" data-sizes=\"(max-width: 400px) 100vw, 400px\" src=\"data:image\/svg+xml;base64,PHN2ZyB3aWR0aD0iMSIgaGVpZ2h0PSIxIiB4bWxucz0iaHR0cDovL3d3dy53My5vcmcvMjAwMC9zdmciPjwvc3ZnPg==\" style=\"--smush-placeholder-width: 400px; --smush-placeholder-aspect-ratio: 400\/225;\" \/><\/a>&nbsp;<\/p>\n","protected":false},"excerpt":{"rendered":"<p>Alzira, 13 de mar\u00e7 de 2019.- Les portes del Museu Faller s&#8217;han obert esta setmana, \u00aben nom\u00e9s dos dies han passat m\u00e9s de 600 perosones per tal de vore l&#8217;espai muse\u00edstic que mostra tota l&#8217;ess\u00e8ncia de les falles de la ciutat\u00bb, ha manifestat Isabel Aguilar, vicealcaldessa i regidora de Festes, Turisme i Patrimoni Cultural. La &hellip; <\/p>\n<p class=\"link-more\"><a href=\"https:\/\/alzira.es\/es\/el-museu-faller-desperta-molta-curiositat-entre-els-que-el-visiten\/\" class=\"more-link\">Continuar leyendo<span class=\"screen-reader-text\"> \u00abEl Museu Faller desperta molta curiositat entre els que el visiten\u00bb<\/span><\/a><\/p>\n","protected":false},"author":12,"featured_media":39648,"comment_status":"","ping_status":"","sticky":false,"template":"","format":"standard","meta":{"_acf_changed":false,"footnotes":""},"categories":[],"tags":[],"class_list":["post-39664","post","type-post","status-publish","format-standard","has-post-thumbnail","hentry"],"acf":[],"_links":{"self":[{"href":"https:\/\/alzira.es\/es\/wp-json\/wp\/v2\/posts\/39664","targetHints":{"allow":["GET"]}}],"collection":[{"href":"https:\/\/alzira.es\/es\/wp-json\/wp\/v2\/posts"}],"about":[{"href":"https:\/\/alzira.es\/es\/wp-json\/wp\/v2\/types\/post"}],"author":[{"embeddable":true,"href":"https:\/\/alzira.es\/es\/wp-json\/wp\/v2\/users\/12"}],"replies":[{"embeddable":true,"href":"https:\/\/alzira.es\/es\/wp-json\/wp\/v2\/comments?post=39664"}],"version-history":[{"count":0,"href":"https:\/\/alzira.es\/es\/wp-json\/wp\/v2\/posts\/39664\/revisions"}],"wp:featuredmedia":[{"embeddable":true,"href":"https:\/\/alzira.es\/es\/wp-json\/wp\/v2\/media\/39648"}],"wp:attachment":[{"href":"https:\/\/alzira.es\/es\/wp-json\/wp\/v2\/media?parent=39664"}],"wp:term":[{"taxonomy":"category","embeddable":true,"href":"https:\/\/alzira.es\/es\/wp-json\/wp\/v2\/categories?post=39664"},{"taxonomy":"post_tag","embeddable":true,"href":"https:\/\/alzira.es\/es\/wp-json\/wp\/v2\/tags?post=39664"}],"curies":[{"name":"wp","href":"https:\/\/api.w.org\/{rel}","templated":true}]}}