{"id":39662,"date":"2019-03-13T11:04:10","date_gmt":"2019-03-13T10:04:10","guid":{"rendered":"https:\/\/alzira.es\/el-museu-faller-despierta-mucha-curiosidad-entre-los-que-lo-visitan\/"},"modified":"2019-03-13T11:04:10","modified_gmt":"2019-03-13T10:04:10","slug":"el-museu-faller-despierta-mucha-curiosidad-entre-los-que-lo-visitan","status":"publish","type":"post","link":"https:\/\/alzira.es\/es\/el-museu-faller-despierta-mucha-curiosidad-entre-los-que-lo-visitan\/","title":{"rendered":"El Museu Faller despierta mucha curiosidad entre los que lo visitan"},"content":{"rendered":"<p style=\"text-align: justify;\"><strong>Alzira, 13 de marzo de 2019.-<\/strong> Las puertas del Museu Faller han abierto esta semana, \u00aben s\u00f3lo dos d\u00edas han pasado m\u00e1s de 600 perosones para ver el espacio muse\u00edstico que muestra toda la esencia de las fallas de la ciudad\u00bb, manifest\u00f3 Isabel Aguilar, vicealcaldesa y concejala de Fiestas, Turismo y Patrimonio Cultural.<\/p>\n<p style=\"text-align: justify;\">La finalidad del Museu Faller es la de realizar un recorrido did\u00e1ctico para informarnos de todo lo referente a la fiesta, desde la quema del 19 de marzo hasta la plant\u00e0 del 16 de marzo del a\u00f1o siguiente, pasando por la etimolog\u00eda, el proceso art\u00edstico, la m\u00fasica, la gastronom\u00eda, la indumentaria valenciana, la pirotecnia&#8230;<\/p>\n<p style=\"text-align: justify;\">Unas locuciones en valenciano, castellano e ingl\u00e9s, a trav\u00e9s de monitores, nos cuentan todo lo que debemos saber para entender la fiesta fallera.<\/p>\n<p style=\"text-align: justify;\">Han sido meses de trabajo, por parte de los t\u00e9cnicos de Patrimonio Cultural as\u00ed como desde la Concejal\u00eda de Fiestas, para dar forma a este ansiado proyecto, un museo did\u00e1ctico pensado para acercar a quien lo visita todo lo que es necesario saber para entender la fiesta que todas las valencianas y los valencianos llevamos dentro desde el momento en que venimos al mundo.<\/p>\n<p style=\"text-align: justify;\">En el museo podemos encontrar desde la evoluci\u00f3n en la creaci\u00f3n de un mu\u00f1eco, hasta admirar ninots indultados de la historia de las Fallas de Alzira, a los que se suman los tres indultados del ejercicio fallero anterior. En cuanto a la indumentaria se ha contado con la inestimable supervisi\u00f3n del experto en la materia Xavier Rausell, que ha organizado una muestra para admirar el proceso en cuanto a la transformaci\u00f3n de la indumentaria a lo largo de los a\u00f1os, donde no falta el espol\u00edn modelo Alzira que caracteriza y distingue las reinas falleras de Alzira.<\/p>\n<p style=\"text-align: justify;\">\u00abRealizando un recorrido por los diversos espacios en que se ha delimitado el museo podemos conocer la evoluci\u00f3n de las fallas en Alzira, en todas sus vertientes, a lo largo de hoy mi\u00e9rcoles y hasta el s\u00e1bado el museo estar\u00e1 abierto entre las 11 y las 13\u00bb, manifest\u00f3 Aguilar.<\/p>\n<p style=\"text-align: center;\"><a href=\"https:\/\/alzira.es\/wp-content\/uploads\/2019\/03\/20190312_114341.jpg\" target=\"_blank\" rel=\"noopener\"><img fetchpriority=\"high\" decoding=\"async\" class=\" size-full wp-image-39648\" title=\"El Museu Faller despierta mucha curiosidad entre los que lo visitan\" src=\"https:\/\/alzira.es\/wp-content\/uploads\/2019\/03\/20190312_114341.jpg\" alt=\"20190312 114341\" width=\"400\" height=\"225\" srcset=\"https:\/\/alzira.es\/wp-content\/uploads\/2019\/03\/20190312_114341.jpg 1200w, https:\/\/alzira.es\/wp-content\/uploads\/2019\/03\/20190312_114341-680x383.jpg 680w, https:\/\/alzira.es\/wp-content\/uploads\/2019\/03\/20190312_114341-768x432.jpg 768w\" sizes=\"(max-width: 400px) 100vw, 400px\" \/><\/a>&nbsp;<a href=\"https:\/\/alzira.es\/wp-content\/uploads\/2019\/03\/20190312_115301.jpg\" target=\"_blank\" rel=\"noopener\"><img decoding=\"async\" class=\"size-full wp-image-39651 lazyload\" title=\"El Museu Faller despierta mucha curiosidad entre los que lo visitan\" data-src=\"https:\/\/alzira.es\/wp-content\/uploads\/2019\/03\/20190312_115301.jpg\" alt=\"20190312 115301\" width=\"400\" height=\"225\" data-srcset=\"https:\/\/alzira.es\/wp-content\/uploads\/2019\/03\/20190312_115301.jpg 1200w, https:\/\/alzira.es\/wp-content\/uploads\/2019\/03\/20190312_115301-680x383.jpg 680w, https:\/\/alzira.es\/wp-content\/uploads\/2019\/03\/20190312_115301-768x432.jpg 768w\" data-sizes=\"(max-width: 400px) 100vw, 400px\" src=\"data:image\/svg+xml;base64,PHN2ZyB3aWR0aD0iMSIgaGVpZ2h0PSIxIiB4bWxucz0iaHR0cDovL3d3dy53My5vcmcvMjAwMC9zdmciPjwvc3ZnPg==\" style=\"--smush-placeholder-width: 400px; --smush-placeholder-aspect-ratio: 400\/225;\" \/><\/a>&nbsp;<a href=\"https:\/\/alzira.es\/wp-content\/uploads\/2019\/03\/20190312_115639.jpg\" target=\"_blank\" rel=\"noopener\"><img decoding=\"async\" class=\"size-full wp-image-39653 lazyload\" title=\"El Museu Faller despierta mucha curiosidad entre los que lo visitan\" data-src=\"https:\/\/alzira.es\/wp-content\/uploads\/2019\/03\/20190312_115639.jpg\" alt=\"20190312 115639\" width=\"400\" height=\"225\" data-srcset=\"https:\/\/alzira.es\/wp-content\/uploads\/2019\/03\/20190312_115639.jpg 1200w, https:\/\/alzira.es\/wp-content\/uploads\/2019\/03\/20190312_115639-680x383.jpg 680w, https:\/\/alzira.es\/wp-content\/uploads\/2019\/03\/20190312_115639-768x432.jpg 768w\" data-sizes=\"(max-width: 400px) 100vw, 400px\" src=\"data:image\/svg+xml;base64,PHN2ZyB3aWR0aD0iMSIgaGVpZ2h0PSIxIiB4bWxucz0iaHR0cDovL3d3dy53My5vcmcvMjAwMC9zdmciPjwvc3ZnPg==\" style=\"--smush-placeholder-width: 400px; --smush-placeholder-aspect-ratio: 400\/225;\" \/><\/a>&nbsp;<a href=\"https:\/\/alzira.es\/wp-content\/uploads\/2019\/03\/20190312_120244.jpg\" target=\"_blank\" rel=\"noopener\"><img decoding=\"async\" class=\"size-full wp-image-39656 lazyload\" title=\"El Museu Faller despierta mucha curiosidad entre los que lo visitan\" data-src=\"https:\/\/alzira.es\/wp-content\/uploads\/2019\/03\/20190312_120244.jpg\" alt=\"20190312 120244\" width=\"400\" height=\"225\" data-srcset=\"https:\/\/alzira.es\/wp-content\/uploads\/2019\/03\/20190312_120244.jpg 1200w, https:\/\/alzira.es\/wp-content\/uploads\/2019\/03\/20190312_120244-680x383.jpg 680w, https:\/\/alzira.es\/wp-content\/uploads\/2019\/03\/20190312_120244-768x432.jpg 768w\" data-sizes=\"(max-width: 400px) 100vw, 400px\" src=\"data:image\/svg+xml;base64,PHN2ZyB3aWR0aD0iMSIgaGVpZ2h0PSIxIiB4bWxucz0iaHR0cDovL3d3dy53My5vcmcvMjAwMC9zdmciPjwvc3ZnPg==\" style=\"--smush-placeholder-width: 400px; --smush-placeholder-aspect-ratio: 400\/225;\" \/><\/a>&nbsp;<a href=\"https:\/\/alzira.es\/wp-content\/uploads\/2019\/03\/20190312_120158.jpg\" target=\"_blank\" rel=\"noopener\"><img decoding=\"async\" class=\"size-full wp-image-39658 lazyload\" title=\"El Museu Faller despierta mucha curiosidad entre los que lo visitan\" data-src=\"https:\/\/alzira.es\/wp-content\/uploads\/2019\/03\/20190312_120158.jpg\" alt=\"20190312 120158\" width=\"400\" height=\"225\" data-srcset=\"https:\/\/alzira.es\/wp-content\/uploads\/2019\/03\/20190312_120158.jpg 1200w, https:\/\/alzira.es\/wp-content\/uploads\/2019\/03\/20190312_120158-680x383.jpg 680w, https:\/\/alzira.es\/wp-content\/uploads\/2019\/03\/20190312_120158-768x432.jpg 768w\" data-sizes=\"(max-width: 400px) 100vw, 400px\" src=\"data:image\/svg+xml;base64,PHN2ZyB3aWR0aD0iMSIgaGVpZ2h0PSIxIiB4bWxucz0iaHR0cDovL3d3dy53My5vcmcvMjAwMC9zdmciPjwvc3ZnPg==\" style=\"--smush-placeholder-width: 400px; --smush-placeholder-aspect-ratio: 400\/225;\" \/><\/a>&nbsp;<a href=\"https:\/\/alzira.es\/wp-content\/uploads\/2019\/03\/20190312_122223.jpg\" target=\"_blank\" rel=\"noopener\"><img decoding=\"async\" class=\"size-full wp-image-39660 lazyload\" title=\"El Museu Faller despierta mucha curiosidad entre los que lo visitan\" data-src=\"https:\/\/alzira.es\/wp-content\/uploads\/2019\/03\/20190312_122223.jpg\" alt=\"20190312 122223\" width=\"400\" height=\"225\" data-srcset=\"https:\/\/alzira.es\/wp-content\/uploads\/2019\/03\/20190312_122223.jpg 1200w, https:\/\/alzira.es\/wp-content\/uploads\/2019\/03\/20190312_122223-680x383.jpg 680w, https:\/\/alzira.es\/wp-content\/uploads\/2019\/03\/20190312_122223-768x432.jpg 768w\" data-sizes=\"(max-width: 400px) 100vw, 400px\" src=\"data:image\/svg+xml;base64,PHN2ZyB3aWR0aD0iMSIgaGVpZ2h0PSIxIiB4bWxucz0iaHR0cDovL3d3dy53My5vcmcvMjAwMC9zdmciPjwvc3ZnPg==\" style=\"--smush-placeholder-width: 400px; --smush-placeholder-aspect-ratio: 400\/225;\" \/><\/a>&nbsp;<\/p>\n","protected":false},"excerpt":{"rendered":"<p>Alzira, 13 de marzo de 2019.- Las puertas del Museu Faller han abierto esta semana, \u00aben s\u00f3lo dos d\u00edas han pasado m\u00e1s de 600 perosones para ver el espacio muse\u00edstico que muestra toda la esencia de las fallas de la ciudad\u00bb, manifest\u00f3 Isabel Aguilar, vicealcaldesa y concejala de Fiestas, Turismo y Patrimonio Cultural. La finalidad &hellip; <\/p>\n<p class=\"link-more\"><a href=\"https:\/\/alzira.es\/es\/el-museu-faller-despierta-mucha-curiosidad-entre-los-que-lo-visitan\/\" class=\"more-link\">Continuar leyendo<span class=\"screen-reader-text\"> \u00abEl Museu Faller despierta mucha curiosidad entre los que lo visitan\u00bb<\/span><\/a><\/p>\n","protected":false},"author":12,"featured_media":39648,"comment_status":"","ping_status":"","sticky":false,"template":"","format":"standard","meta":{"_acf_changed":false,"footnotes":""},"categories":[4936],"tags":[],"class_list":["post-39662","post","type-post","status-publish","format-standard","has-post-thumbnail","hentry","category-hemeroteca-es"],"acf":[],"_links":{"self":[{"href":"https:\/\/alzira.es\/es\/wp-json\/wp\/v2\/posts\/39662","targetHints":{"allow":["GET"]}}],"collection":[{"href":"https:\/\/alzira.es\/es\/wp-json\/wp\/v2\/posts"}],"about":[{"href":"https:\/\/alzira.es\/es\/wp-json\/wp\/v2\/types\/post"}],"author":[{"embeddable":true,"href":"https:\/\/alzira.es\/es\/wp-json\/wp\/v2\/users\/12"}],"replies":[{"embeddable":true,"href":"https:\/\/alzira.es\/es\/wp-json\/wp\/v2\/comments?post=39662"}],"version-history":[{"count":0,"href":"https:\/\/alzira.es\/es\/wp-json\/wp\/v2\/posts\/39662\/revisions"}],"wp:featuredmedia":[{"embeddable":true,"href":"https:\/\/alzira.es\/es\/wp-json\/wp\/v2\/media\/39648"}],"wp:attachment":[{"href":"https:\/\/alzira.es\/es\/wp-json\/wp\/v2\/media?parent=39662"}],"wp:term":[{"taxonomy":"category","embeddable":true,"href":"https:\/\/alzira.es\/es\/wp-json\/wp\/v2\/categories?post=39662"},{"taxonomy":"post_tag","embeddable":true,"href":"https:\/\/alzira.es\/es\/wp-json\/wp\/v2\/tags?post=39662"}],"curies":[{"name":"wp","href":"https:\/\/api.w.org\/{rel}","templated":true}]}}