{"id":39636,"date":"2019-03-12T13:22:45","date_gmt":"2019-03-12T12:22:45","guid":{"rendered":"https:\/\/alzira.es\/idea-abre-el-plazo-de-inscripcion-para-los-cursos-de-iniciacion-informatica-del-campus-saps-servicio-de-formacion-gratuita-en-linea\/"},"modified":"2019-03-12T13:22:45","modified_gmt":"2019-03-12T12:22:45","slug":"idea-abre-el-plazo-de-inscripcion-para-los-cursos-de-iniciacion-informatica-del-campus-saps-servicio-de-formacion-gratuita-en-linea","status":"publish","type":"post","link":"https:\/\/alzira.es\/es\/idea-abre-el-plazo-de-inscripcion-para-los-cursos-de-iniciacion-informatica-del-campus-saps-servicio-de-formacion-gratuita-en-linea\/","title":{"rendered":"IDEA abre el plazo de inscripci\u00f3n para los cursos de iniciaci\u00f3n inform\u00e1tica del CAMPUS SAPS (Servicio de formaci\u00f3n gratuita en l\u00ednea)"},"content":{"rendered":"<p style=\"text-align: justify;\"><strong><a href=\"https:\/\/alzira.es\/wp-content\/uploads\/2019\/03\/SAPS.jpg\" target=\"_blank\" rel=\"noopener\"><img fetchpriority=\"high\" decoding=\"async\" class=\" alignleft size-full wp-image-39634\" style=\"margin-right: 10px; float: left;\" title=\"IDEA abre el plazo de inscripci\u00f3n para los cursos de iniciaci\u00f3n inform\u00e1tica del CAMPUS SAPS (Servicio de formaci\u00f3n gratuita en l\u00ednea)\" src=\"https:\/\/alzira.es\/wp-content\/uploads\/2019\/03\/SAPS.jpg\" alt=\"SAPS\" width=\"600\" height=\"454\" srcset=\"https:\/\/alzira.es\/wp-content\/uploads\/2019\/03\/SAPS.jpg 1200w, https:\/\/alzira.es\/wp-content\/uploads\/2019\/03\/SAPS-675x510.jpg 675w, https:\/\/alzira.es\/wp-content\/uploads\/2019\/03\/SAPS-768x580.jpg 768w\" sizes=\"(max-width: 600px) 100vw, 600px\" \/><\/a>Alzira, 12 de marzo de 2019.<\/strong> Este mi\u00e9rcoles comienzan los cursos de iniciaci\u00f3n inform\u00e1tica del CAMPUS_SAPS ALZIRA en el que se trabajar\u00e1 el software libre de hojas de c\u00e0lcul_CALC, as\u00ed como el curso de introducci\u00f3n a Internet. Los cursos son totalmente gratuitos y se realizar\u00e1n de forma presencial en la sala Multimedia de las instalaciones de IDEA, en horario de ma\u00f1ana de lunes a viernes. Estos nuevos cursos de formaci\u00f3n cuentan con la siguiente programaci\u00f3n:<\/p>\n<p style=\"text-align: justify;\">\u2022 Introducci\u00f3n a Internet. Inicio el 13 de marzo y finaliza el 11 de abril.<br \/>\u2022 Introducci\u00f3n al correo Thunderbird. Inicio el 14 de marzo al 12 de abril<br \/>\u2022 Introducci\u00f3n al Writer. Inicio 3 de mayo al 31 de mayo<br \/>\u2022 Introducci\u00f3n a navegadores. Inicio el 7 de mayo al 25 de mayo<\/p>\n<p style=\"text-align: justify;\">Seg\u00fan Iv\u00e1n Mart\u00ednez, concejal del \u00e1rea \u00abla formaci\u00f3n es una herramienta fundamental en la inserci\u00f3n en el mercado laboral y para desarrollar el itinerario profesional, por esto desde IDEA y el Ayuntamiento queremos dar oportunidades y mejorar la capacitaci\u00f3n de la ciudadan\u00eda, tambi\u00e9n en nuevas tecnolog\u00edas de forma totalmente gratuita. Con CAMPUS_SAPS ofrecemos a la ciudadan\u00eda cursos en l\u00ednea b\u00e1sicos de navegaci\u00f3n por Internet y herramientas ofim\u00e1ticas b\u00e1sicas\u00bb.<\/p>\n<p style=\"text-align: justify;\">Recordemos que el Ayuntamiento de Alzira a trav\u00e9s de la concejal\u00eda de Desarrollo Econ\u00f3mico, Trabajo y Proyectos Europeos e IDEA, ha firmado un convenio de colaboraci\u00f3n con la conselleria de Modernizaci\u00f3n, Tecnolog\u00edas de la Informaci\u00f3n y Comunicaci\u00f3n para que el Ayuntamiento tenga un campus en el portal GVA SAPS, que permite ofrecer estos cursos online, y somos de las primeras entidades municipales a desarrollarlo.<\/p>\n<p style=\"text-align: justify;\">Los interesados \u200b\u200bpueden inscribirse y solicitar informaci\u00f3n en la web <span style=\"color: #0000ff;\">www.idea-alzira.com<\/span>, <span style=\"color: #ff0000;\">adl@idea-alzira.es<\/span>, en el tel\u00e9fono<span style=\"color: #0000ff;\"> 96 245 51 01<\/span> o personalmente en las dependencias de IDEA (C\/ ronda de Algemes\u00ed, 4).<\/p>\n","protected":false},"excerpt":{"rendered":"<p>Alzira, 12 de marzo de 2019. Este mi\u00e9rcoles comienzan los cursos de iniciaci\u00f3n inform\u00e1tica del CAMPUS_SAPS ALZIRA en el que se trabajar\u00e1 el software libre de hojas de c\u00e0lcul_CALC, as\u00ed como el curso de introducci\u00f3n a Internet. Los cursos son totalmente gratuitos y se realizar\u00e1n de forma presencial en la sala Multimedia de las instalaciones &hellip; <\/p>\n<p class=\"link-more\"><a href=\"https:\/\/alzira.es\/es\/idea-abre-el-plazo-de-inscripcion-para-los-cursos-de-iniciacion-informatica-del-campus-saps-servicio-de-formacion-gratuita-en-linea\/\" class=\"more-link\">Continuar leyendo<span class=\"screen-reader-text\"> \u00abIDEA abre el plazo de inscripci\u00f3n para los cursos de iniciaci\u00f3n inform\u00e1tica del CAMPUS SAPS (Servicio de formaci\u00f3n gratuita en l\u00ednea)\u00bb<\/span><\/a><\/p>\n","protected":false},"author":12,"featured_media":39634,"comment_status":"","ping_status":"","sticky":false,"template":"","format":"standard","meta":{"_acf_changed":false,"footnotes":""},"categories":[4936],"tags":[],"class_list":["post-39636","post","type-post","status-publish","format-standard","has-post-thumbnail","hentry","category-hemeroteca-es"],"acf":[],"_links":{"self":[{"href":"https:\/\/alzira.es\/es\/wp-json\/wp\/v2\/posts\/39636","targetHints":{"allow":["GET"]}}],"collection":[{"href":"https:\/\/alzira.es\/es\/wp-json\/wp\/v2\/posts"}],"about":[{"href":"https:\/\/alzira.es\/es\/wp-json\/wp\/v2\/types\/post"}],"author":[{"embeddable":true,"href":"https:\/\/alzira.es\/es\/wp-json\/wp\/v2\/users\/12"}],"replies":[{"embeddable":true,"href":"https:\/\/alzira.es\/es\/wp-json\/wp\/v2\/comments?post=39636"}],"version-history":[{"count":0,"href":"https:\/\/alzira.es\/es\/wp-json\/wp\/v2\/posts\/39636\/revisions"}],"wp:featuredmedia":[{"embeddable":true,"href":"https:\/\/alzira.es\/es\/wp-json\/wp\/v2\/media\/39634"}],"wp:attachment":[{"href":"https:\/\/alzira.es\/es\/wp-json\/wp\/v2\/media?parent=39636"}],"wp:term":[{"taxonomy":"category","embeddable":true,"href":"https:\/\/alzira.es\/es\/wp-json\/wp\/v2\/categories?post=39636"},{"taxonomy":"post_tag","embeddable":true,"href":"https:\/\/alzira.es\/es\/wp-json\/wp\/v2\/tags?post=39636"}],"curies":[{"name":"wp","href":"https:\/\/api.w.org\/{rel}","templated":true}]}}