{"id":39624,"date":"2019-03-12T13:02:22","date_gmt":"2019-03-12T12:02:22","guid":{"rendered":"https:\/\/alzira.es\/abierto-hasta-el-20-de-marzo-el-plazo-para-solicitar-las-subvenciones-municipales-a-actividades-escolares\/"},"modified":"2019-03-12T13:02:22","modified_gmt":"2019-03-12T12:02:22","slug":"abierto-hasta-el-20-de-marzo-el-plazo-para-solicitar-las-subvenciones-municipales-a-actividades-escolares","status":"publish","type":"post","link":"https:\/\/alzira.es\/es\/abierto-hasta-el-20-de-marzo-el-plazo-para-solicitar-las-subvenciones-municipales-a-actividades-escolares\/","title":{"rendered":"Abierto hasta el 20 de marzo el plazo para solicitar las subvenciones municipales a actividades escolares"},"content":{"rendered":"<p style=\"text-align: justify;\"><strong><a href=\"https:\/\/alzira.es\/wp-content\/uploads\/2019\/03\/Imatge_Arxiu.jpg\" target=\"_blank\" rel=\"noopener\"><img fetchpriority=\"high\" decoding=\"async\" class=\" alignleft size-full wp-image-39622\" style=\"margin-right: 10px; float: left;\" title=\"Abierto hasta el 20 de marzo el plazo para solicitar las subvenciones municipales a actividades escolares\" src=\"https:\/\/alzira.es\/wp-content\/uploads\/2019\/03\/Imatge_Arxiu.jpg\" alt=\"Imatge Arxiu\" width=\"600\" height=\"450\" srcset=\"https:\/\/alzira.es\/wp-content\/uploads\/2019\/03\/Imatge_Arxiu.jpg 1200w, https:\/\/alzira.es\/wp-content\/uploads\/2019\/03\/Imatge_Arxiu-680x510.jpg 680w, https:\/\/alzira.es\/wp-content\/uploads\/2019\/03\/Imatge_Arxiu-768x576.jpg 768w\" sizes=\"(max-width: 600px) 100vw, 600px\" \/><\/a>Alzira, 12 de marzo de 2019.<\/strong> La Concejal\u00eda de Educaci\u00f3n e Infancia informa a todos los consejos escolares de los centros educativos de Educaci\u00f3n Infantil, Primaria, Educaci\u00f3n Especial, Secundaria o de Adultos de Alzira, tanto en r\u00e9gimen p\u00fablico, privado concertado y municipal, que ya pueden solicitar las subvenciones para realizar actividades educativas concretas en relaci\u00f3n con los objetivos del proyecto educativo de cada centro, hasta el 20 de marzo.<\/p>\n<p style=\"text-align: justify;\">El objetivo de estas ayudas es estimular la realizaci\u00f3n de actividades que favorezcan la participaci\u00f3n de los diferentes estamentos de la comunidad educativa (familias, profesorado y alumnado), fomentar la relaci\u00f3n entre diferentes centros educativos de la localidad, facilitar el tratamiento de los temas transversales, estimular la introducci\u00f3n de innovaciones educativas, dar respuesta a la diversidad existente en el centro, compensar las desigualdades socioecon\u00f3micas de la poblaci\u00f3n escolar y conciliar la vida familiar y laboral.<\/p>\n<p style=\"text-align: justify;\">Pepe Grau, concejal de Educaci\u00f3n e Infancia, destac\u00f3 al respecto \u00abEs importante que desde esta concejal\u00eda se pueda ofrecer a la comunidad educativa de la ciudad herramientas y ayudas para fomentar y aumentar la calidad de la educaci\u00f3n. Con estas subvenciones se pueden llevar a cabo muchas actividades creativas y recordamos que el profesorado siempre es detonante motivador para el alumnado\u00bb.<\/p>\n<p style=\"text-align: justify;\">Los centros educativos y\/o consejos interesados \u200b\u200btienen toda la informaci\u00f3n en la web <span style=\"color: #0000ff;\">www.alzira.es<\/span>, y deber\u00e1n presentar una instancia modelo en la Oficina de Atenci\u00f3n Ciudadana La Clau (C\/ Rambla, n\u00fam. 23), as\u00ed como pueden hacer las gestiones telem\u00e1ticamente a trav\u00e9s de la sede electr\u00f3nica: <span style=\"color: #0000ff;\">https:\/\/sedeelectronica.alzira.es\/PortalCiudadano\/<\/span><\/p>\n","protected":false},"excerpt":{"rendered":"<p>Alzira, 12 de marzo de 2019. La Concejal\u00eda de Educaci\u00f3n e Infancia informa a todos los consejos escolares de los centros educativos de Educaci\u00f3n Infantil, Primaria, Educaci\u00f3n Especial, Secundaria o de Adultos de Alzira, tanto en r\u00e9gimen p\u00fablico, privado concertado y municipal, que ya pueden solicitar las subvenciones para realizar actividades educativas concretas en relaci\u00f3n &hellip; <\/p>\n<p class=\"link-more\"><a href=\"https:\/\/alzira.es\/es\/abierto-hasta-el-20-de-marzo-el-plazo-para-solicitar-las-subvenciones-municipales-a-actividades-escolares\/\" class=\"more-link\">Continuar leyendo<span class=\"screen-reader-text\"> \u00abAbierto hasta el 20 de marzo el plazo para solicitar las subvenciones municipales a actividades escolares\u00bb<\/span><\/a><\/p>\n","protected":false},"author":12,"featured_media":39622,"comment_status":"","ping_status":"","sticky":false,"template":"","format":"standard","meta":{"_acf_changed":false,"footnotes":""},"categories":[4936],"tags":[],"class_list":["post-39624","post","type-post","status-publish","format-standard","has-post-thumbnail","hentry","category-hemeroteca-es"],"acf":[],"_links":{"self":[{"href":"https:\/\/alzira.es\/es\/wp-json\/wp\/v2\/posts\/39624","targetHints":{"allow":["GET"]}}],"collection":[{"href":"https:\/\/alzira.es\/es\/wp-json\/wp\/v2\/posts"}],"about":[{"href":"https:\/\/alzira.es\/es\/wp-json\/wp\/v2\/types\/post"}],"author":[{"embeddable":true,"href":"https:\/\/alzira.es\/es\/wp-json\/wp\/v2\/users\/12"}],"replies":[{"embeddable":true,"href":"https:\/\/alzira.es\/es\/wp-json\/wp\/v2\/comments?post=39624"}],"version-history":[{"count":0,"href":"https:\/\/alzira.es\/es\/wp-json\/wp\/v2\/posts\/39624\/revisions"}],"wp:featuredmedia":[{"embeddable":true,"href":"https:\/\/alzira.es\/es\/wp-json\/wp\/v2\/media\/39622"}],"wp:attachment":[{"href":"https:\/\/alzira.es\/es\/wp-json\/wp\/v2\/media?parent=39624"}],"wp:term":[{"taxonomy":"category","embeddable":true,"href":"https:\/\/alzira.es\/es\/wp-json\/wp\/v2\/categories?post=39624"},{"taxonomy":"post_tag","embeddable":true,"href":"https:\/\/alzira.es\/es\/wp-json\/wp\/v2\/tags?post=39624"}],"curies":[{"name":"wp","href":"https:\/\/api.w.org\/{rel}","templated":true}]}}