{"id":39606,"date":"2019-03-11T16:00:00","date_gmt":"2019-03-11T15:00:00","guid":{"rendered":"https:\/\/alzira.es\/alzira-avanca-en-el-programa-pilot-de-trituracio-de-restes-de-poda\/"},"modified":"2019-03-11T16:00:00","modified_gmt":"2019-03-11T15:00:00","slug":"alzira-avanca-en-el-programa-pilot-de-trituracio-de-restes-de-poda","status":"publish","type":"post","link":"https:\/\/alzira.es\/es\/alzira-avanca-en-el-programa-pilot-de-trituracio-de-restes-de-poda\/","title":{"rendered":"Alzira avan\u00e7a en el programa pilot de trituraci\u00f3 de restes de poda"},"content":{"rendered":"<p style=\"text-align: justify;\"><strong><a href=\"https:\/\/alzira.es\/wp-content\/uploads\/2019\/03\/restes_de_poda.jpg\" target=\"_blank\" rel=\"noopener\"><img fetchpriority=\"high\" decoding=\"async\" class=\" alignleft size-full wp-image-39602\" style=\"margin-right: 10px; float: left;\" title=\"Alzira avan\u00e7a en el programa pilot de trituraci\u00f3 de restes de poda\" src=\"https:\/\/alzira.es\/wp-content\/uploads\/2019\/03\/restes_de_poda.jpg\" alt=\"restes de poda\" width=\"600\" height=\"450\" srcset=\"https:\/\/alzira.es\/wp-content\/uploads\/2019\/03\/restes_de_poda.jpg 1000w, https:\/\/alzira.es\/wp-content\/uploads\/2019\/03\/restes_de_poda-680x510.jpg 680w, https:\/\/alzira.es\/wp-content\/uploads\/2019\/03\/restes_de_poda-768x576.jpg 768w\" sizes=\"(max-width: 600px) 100vw, 600px\" \/><\/a>Alzira, 11 de mar\u00e7 de 2019.-<\/strong> La Regidoria d&#8217;Agricultura i Medi Ambient avan\u00e7a en la posada en marxa d&#8217;un programa pilot consistent en el servei gratu\u00eft de biotrituraci\u00f3 de les restes de poda de les explotacions agr\u00edcoles confrontants al Paratge Natural Municipal de la Murta i la Casella durant les campanyes 2019 i 2020.<\/p>\n<p style=\"text-align: justify;\">L&#8217;Ajuntament d&#8217;Alzira inicia este programa dins de les propostes de prevenci\u00f3 d&#8217;incendis forestals al terme municipal. \u00abEs tracta d&#8217;una mesura pionera als paratges naturals municipals per tal d&#8217;afavorir la implantaci\u00f3 del triturat davant de l&#8217;\u00fas del foc que suposa un major risc d&#8217;incendi\u00bb, assegura el regidor d&#8217;Agricultura i Medi Ambient, Pep Carreres.<\/p>\n<p style=\"text-align: justify;\">L&#8217;objectiu del programa \u00e9s oferir una ajuda real i efectiva al llaurador per evitar l&#8217;\u00fas del foc en les \u00e8poques de restricci\u00f3 i aix\u00ed reduir el risc d&#8217;incendis forestals en la franja perimetral agr\u00edcola, d&#8217;uns 150 metres d&#8217;ampl\u00e0ria, al voltant del Paratge Natural. Basant-se en els principis de l&#8217;economia circular, el material resultant de la trituraci\u00f3 podr\u00e0 deixar-se a la parcel\u2022la perqu\u00e8 l&#8217;agricultor l&#8217;incorpore al s\u00f2l com a <em>m\u00fclch<\/em> o podr\u00e0 ser recollit i destinat a un altre tipus de valoritzaci\u00f3 com el compostatge comunitari.<\/p>\n<p style=\"text-align: justify;\">L&#8217;adhesi\u00f3 al programa \u00e9s de car\u00e0cter voluntari i \u00e9s necess\u00e0ria la inscripci\u00f3 pr\u00e8via per poder beneficiar-se de les seues condicions, a trav\u00e9s de les oficines de la CLAU o telefonant al <span style=\"color: #0000ff;\">96 245 92 69<\/span>, indicant les dades de contacte, pol\u00edgon i parcel\u2022la.<\/p>\n<p style=\"text-align: justify;\">La inscripci\u00f3 es podr\u00e0 realitzar des de l&#8217;11 de mar\u00e7 fins al 15 d&#8217;abril de 2019. Una vegada rebuda la sol\u2022licitud, els t\u00e8cnics responsables del projecte es posaran en contacte amb els interessats per proporcionar informaci\u00f3 sobre el projecte i planificar el servei que millor s&#8217;ajuste a les necessitats dels propietaris.<\/p>\n<p style=\"text-align: justify;\">&nbsp;<\/p>\n","protected":false},"excerpt":{"rendered":"<p>Alzira, 11 de mar\u00e7 de 2019.- La Regidoria d&#8217;Agricultura i Medi Ambient avan\u00e7a en la posada en marxa d&#8217;un programa pilot consistent en el servei gratu\u00eft de biotrituraci\u00f3 de les restes de poda de les explotacions agr\u00edcoles confrontants al Paratge Natural Municipal de la Murta i la Casella durant les campanyes 2019 i 2020. L&#8217;Ajuntament &hellip; <\/p>\n<p class=\"link-more\"><a href=\"https:\/\/alzira.es\/es\/alzira-avanca-en-el-programa-pilot-de-trituracio-de-restes-de-poda\/\" class=\"more-link\">Continuar leyendo<span class=\"screen-reader-text\"> \u00abAlzira avan\u00e7a en el programa pilot de trituraci\u00f3 de restes de poda\u00bb<\/span><\/a><\/p>\n","protected":false},"author":12,"featured_media":39602,"comment_status":"","ping_status":"","sticky":false,"template":"","format":"standard","meta":{"_acf_changed":false,"footnotes":""},"categories":[],"tags":[],"class_list":["post-39606","post","type-post","status-publish","format-standard","has-post-thumbnail","hentry"],"acf":[],"_links":{"self":[{"href":"https:\/\/alzira.es\/es\/wp-json\/wp\/v2\/posts\/39606","targetHints":{"allow":["GET"]}}],"collection":[{"href":"https:\/\/alzira.es\/es\/wp-json\/wp\/v2\/posts"}],"about":[{"href":"https:\/\/alzira.es\/es\/wp-json\/wp\/v2\/types\/post"}],"author":[{"embeddable":true,"href":"https:\/\/alzira.es\/es\/wp-json\/wp\/v2\/users\/12"}],"replies":[{"embeddable":true,"href":"https:\/\/alzira.es\/es\/wp-json\/wp\/v2\/comments?post=39606"}],"version-history":[{"count":0,"href":"https:\/\/alzira.es\/es\/wp-json\/wp\/v2\/posts\/39606\/revisions"}],"wp:featuredmedia":[{"embeddable":true,"href":"https:\/\/alzira.es\/es\/wp-json\/wp\/v2\/media\/39602"}],"wp:attachment":[{"href":"https:\/\/alzira.es\/es\/wp-json\/wp\/v2\/media?parent=39606"}],"wp:term":[{"taxonomy":"category","embeddable":true,"href":"https:\/\/alzira.es\/es\/wp-json\/wp\/v2\/categories?post=39606"},{"taxonomy":"post_tag","embeddable":true,"href":"https:\/\/alzira.es\/es\/wp-json\/wp\/v2\/tags?post=39606"}],"curies":[{"name":"wp","href":"https:\/\/api.w.org\/{rel}","templated":true}]}}