{"id":39586,"date":"2019-03-11T12:23:12","date_gmt":"2019-03-11T11:23:12","guid":{"rendered":"https:\/\/alzira.es\/el-ayuntamiento-abre-el-plazo-para-solicitar-las-subvenciones-de-material-escolar-para-el-alumnado-de-alzira\/"},"modified":"2019-03-11T12:23:12","modified_gmt":"2019-03-11T11:23:12","slug":"el-ayuntamiento-abre-el-plazo-para-solicitar-las-subvenciones-de-material-escolar-para-el-alumnado-de-alzira","status":"publish","type":"post","link":"https:\/\/alzira.es\/es\/el-ayuntamiento-abre-el-plazo-para-solicitar-las-subvenciones-de-material-escolar-para-el-alumnado-de-alzira\/","title":{"rendered":"El Ayuntamiento abre el plazo para solicitar las subvenciones de material escolar para el alumnado de Alzira"},"content":{"rendered":"<p style=\"text-align: justify;\"><strong><a href=\"https:\/\/alzira.es\/wp-content\/uploads\/2019\/03\/Material_Escolar.jpg\" target=\"_blank\" rel=\"noopener\"><img fetchpriority=\"high\" decoding=\"async\" class=\" alignleft size-full wp-image-39583\" style=\"margin-right: 10px; float: left;\" title=\"El Ayuntamiento abre el plazo para solicitar las subvenciones de material escolar para el alumnado de Alzira\" src=\"https:\/\/alzira.es\/wp-content\/uploads\/2019\/03\/Material_Escolar.jpg\" alt=\"Material Escolar\" width=\"600\" height=\"338\" srcset=\"https:\/\/alzira.es\/wp-content\/uploads\/2019\/03\/Material_Escolar.jpg 768w, https:\/\/alzira.es\/wp-content\/uploads\/2019\/03\/Material_Escolar-680x383.jpg 680w\" sizes=\"(max-width: 600px) 100vw, 600px\" \/><\/a>Alzira, 11 de marzo de 2019.<\/strong> Desde la Concejal\u00eda de Educaci\u00f3n e Infancia se informa de que el alumnado de 2\u00ba ciclo de Educaci\u00f3n Infantil de Alzira matriculado en los centros p\u00fablicos y privados-concertados de Alzira ya puede solicitar las subvenciones de material escolar del curso desde 2018 hasta 2019.<\/p>\n<p style=\"text-align: justify;\">Podr\u00e1 solicitar esta ayuda el alumnado que cumpla y acredite documentalmente determinados requisitos antes de que finalice el plazo de la convocatoria, fijado para el 20 de marzo, como por ejemplo estar escolarizado en el curso 2018 hasta 2019 en el 2\u00ba ciclo de Educaci\u00f3n infantil en un centro p\u00fablico o privado-concertado de Alzira.<\/p>\n<p style=\"text-align: justify;\">Que tanto el alumno\/a como sus padres o tutores legales est\u00e9n empadronados en Alzira en el momento de la convocatoria de estas ayudas.<\/p>\n<p style=\"text-align: justify;\">Quedar\u00e1n excluidas de estas ayudas aquellas familias que se hayan beneficiado de las ayudas asistenciales de comedor y\/o material escolar, concedidas por este Ayuntamiento.<\/p>\n<p style=\"text-align: justify;\">Las personas y familias interesadas deber\u00e1n presentar la solicitud mediante una instancia modelo en la Oficina de Atenci\u00f3n Ciudadana La Clau (C\/ Rambla, n\u00fam. 23). Dicho formulario se puede descargar desde la web del Ayuntamiento, <span style=\"color: #0000ff;\">www.alzira.es<\/span>, accediendo a: <span style=\"color: #ff0000;\">Administraci\u00f3n 24 horas &#8211; tr\u00e1mites desde casa &#8211; cat\u00e1logo de tr\u00e1mites- Educaci\u00f3n y cultura- Ayudas material escolar 2\u00ba ciclo.<\/span><\/p>\n<p style=\"text-align: justify;\">Seg\u00fan declara Pepe Grau, concejal de Educaci\u00f3n e Infancia, \u00abcomo cada a\u00f1o, al llegar estas fechas, el Ayuntamiento ofrece varias ayudas con el objetivo de colaborar con las familias en el gasto destinado a la educaci\u00f3n de sus hijos e hijas. En esta ocasi\u00f3n las ayudas van destinadas a material escolar de los peque\u00f1os de casa. Todas las familias interesadas pueden informarse en su centro educativo, en la oficina La Clau, en la web municipal y con los compa\u00f1eros de Educaci\u00f3n e Infancia que est\u00e1n a su disposici\u00f3n\u00bb.<\/p>\n","protected":false},"excerpt":{"rendered":"<p>Alzira, 11 de marzo de 2019. Desde la Concejal\u00eda de Educaci\u00f3n e Infancia se informa de que el alumnado de 2\u00ba ciclo de Educaci\u00f3n Infantil de Alzira matriculado en los centros p\u00fablicos y privados-concertados de Alzira ya puede solicitar las subvenciones de material escolar del curso desde 2018 hasta 2019. Podr\u00e1 solicitar esta ayuda el &hellip; <\/p>\n<p class=\"link-more\"><a href=\"https:\/\/alzira.es\/es\/el-ayuntamiento-abre-el-plazo-para-solicitar-las-subvenciones-de-material-escolar-para-el-alumnado-de-alzira\/\" class=\"more-link\">Continuar leyendo<span class=\"screen-reader-text\"> \u00abEl Ayuntamiento abre el plazo para solicitar las subvenciones de material escolar para el alumnado de Alzira\u00bb<\/span><\/a><\/p>\n","protected":false},"author":12,"featured_media":28614,"comment_status":"","ping_status":"","sticky":false,"template":"","format":"standard","meta":{"_acf_changed":false,"footnotes":""},"categories":[4936],"tags":[],"class_list":["post-39586","post","type-post","status-publish","format-standard","has-post-thumbnail","hentry","category-hemeroteca-es"],"acf":[],"_links":{"self":[{"href":"https:\/\/alzira.es\/es\/wp-json\/wp\/v2\/posts\/39586","targetHints":{"allow":["GET"]}}],"collection":[{"href":"https:\/\/alzira.es\/es\/wp-json\/wp\/v2\/posts"}],"about":[{"href":"https:\/\/alzira.es\/es\/wp-json\/wp\/v2\/types\/post"}],"author":[{"embeddable":true,"href":"https:\/\/alzira.es\/es\/wp-json\/wp\/v2\/users\/12"}],"replies":[{"embeddable":true,"href":"https:\/\/alzira.es\/es\/wp-json\/wp\/v2\/comments?post=39586"}],"version-history":[{"count":0,"href":"https:\/\/alzira.es\/es\/wp-json\/wp\/v2\/posts\/39586\/revisions"}],"wp:featuredmedia":[{"embeddable":true,"href":"https:\/\/alzira.es\/es\/wp-json\/wp\/v2\/media\/28614"}],"wp:attachment":[{"href":"https:\/\/alzira.es\/es\/wp-json\/wp\/v2\/media?parent=39586"}],"wp:term":[{"taxonomy":"category","embeddable":true,"href":"https:\/\/alzira.es\/es\/wp-json\/wp\/v2\/categories?post=39586"},{"taxonomy":"post_tag","embeddable":true,"href":"https:\/\/alzira.es\/es\/wp-json\/wp\/v2\/tags?post=39586"}],"curies":[{"name":"wp","href":"https:\/\/api.w.org\/{rel}","templated":true}]}}