{"id":39580,"date":"2019-03-11T12:18:03","date_gmt":"2019-03-11T11:18:03","guid":{"rendered":"https:\/\/alzira.es\/la-portada-barroca-en-la-fachada-de-la-iglesia-de-santa-catalina-dispone-de-una-nueva-iluminacion\/"},"modified":"2019-03-11T12:18:03","modified_gmt":"2019-03-11T11:18:03","slug":"la-portada-barroca-en-la-fachada-de-la-iglesia-de-santa-catalina-dispone-de-una-nueva-iluminacion","status":"publish","type":"post","link":"https:\/\/alzira.es\/es\/la-portada-barroca-en-la-fachada-de-la-iglesia-de-santa-catalina-dispone-de-una-nueva-iluminacion\/","title":{"rendered":"La portada barroca en la fachada de la iglesia de Santa Catalina dispone de una nueva iluminaci\u00f3n"},"content":{"rendered":"<p style=\"text-align: justify;\"><strong><a href=\"https:\/\/alzira.es\/wp-content\/uploads\/2019\/03\/IMG_5261.jpg\" target=\"_blank\" rel=\"noopener\"><img fetchpriority=\"high\" decoding=\"async\" class=\" alignleft size-full wp-image-39577\" style=\"margin-right: 10px; float: left;\" title=\"La portada barroca en la fachada de la iglesia de Santa Catalina dispone de una nueva iluminaci\u00f3n\" src=\"https:\/\/alzira.es\/wp-content\/uploads\/2019\/03\/IMG_5261.jpg\" alt=\"IMG 5261\" width=\"600\" height=\"450\" \/><\/a>Alzira, 11 de marzo de 2019 &#8211;<\/strong> Una nueva iluminaci\u00f3n nocturna destaca los detalles de la portada barroca de la iglesia de Santa Catalina, situada en la plaza que lleva su nombre y que realiz\u00f3 Gaspar Dies.<\/p>\n<p style=\"text-align: justify;\">Desde la Concejal\u00eda de Gesti\u00f3n Urban\u00edstica se ha atendido la petici\u00f3n del rector de la iglesia, Enrique Masi\u00e0, que solicit\u00f3, hace unas semanas, que se tuviera en cuenta la importancia de esta singular portada, una gran pieza en la que se le otorg\u00f3 la declaraci\u00f3n de BIC y, como tal, se han tomado las medidas oportunas para instalar una iluminaci\u00f3n adecuada.<\/p>\n<p style=\"text-align: justify;\">El concejal del \u00e1rea responsable, Fernando Pascual, ha supervisado las tareas de instalaci\u00f3n de la iluminaci\u00f3n y ha declarado al respecto \u00abSe ha instalado un foco de gran capacidad lum\u00ednica para mejorar la iluminaci\u00f3n y darle la relevancia que corresponde a una obra maestra que es monumento declarado Bien de Inter\u00e9s Cultural, y que luce en la plaza de Santa Catalina, concretamente en la fachada de esta iglesia de nuestra ciudad. Este y otros monumentos de la ciudad han recibido mejoras en su iluminaci\u00f3n para destacarlos y darles la importancia por la que en su d\u00eda se realizaron, y que forman parte de nuestro patrimonio cultural\u00bb.<\/p>\n","protected":false},"excerpt":{"rendered":"<p>Alzira, 11 de marzo de 2019 &#8211; Una nueva iluminaci\u00f3n nocturna destaca los detalles de la portada barroca de la iglesia de Santa Catalina, situada en la plaza que lleva su nombre y que realiz\u00f3 Gaspar Dies. Desde la Concejal\u00eda de Gesti\u00f3n Urban\u00edstica se ha atendido la petici\u00f3n del rector de la iglesia, Enrique Masi\u00e0, &hellip; <\/p>\n<p class=\"link-more\"><a href=\"https:\/\/alzira.es\/es\/la-portada-barroca-en-la-fachada-de-la-iglesia-de-santa-catalina-dispone-de-una-nueva-iluminacion\/\" class=\"more-link\">Continuar leyendo<span class=\"screen-reader-text\"> \u00abLa portada barroca en la fachada de la iglesia de Santa Catalina dispone de una nueva iluminaci\u00f3n\u00bb<\/span><\/a><\/p>\n","protected":false},"author":12,"featured_media":39577,"comment_status":"","ping_status":"","sticky":false,"template":"","format":"standard","meta":{"_acf_changed":false,"footnotes":""},"categories":[4936],"tags":[],"class_list":["post-39580","post","type-post","status-publish","format-standard","has-post-thumbnail","hentry","category-hemeroteca-es"],"acf":[],"_links":{"self":[{"href":"https:\/\/alzira.es\/es\/wp-json\/wp\/v2\/posts\/39580","targetHints":{"allow":["GET"]}}],"collection":[{"href":"https:\/\/alzira.es\/es\/wp-json\/wp\/v2\/posts"}],"about":[{"href":"https:\/\/alzira.es\/es\/wp-json\/wp\/v2\/types\/post"}],"author":[{"embeddable":true,"href":"https:\/\/alzira.es\/es\/wp-json\/wp\/v2\/users\/12"}],"replies":[{"embeddable":true,"href":"https:\/\/alzira.es\/es\/wp-json\/wp\/v2\/comments?post=39580"}],"version-history":[{"count":0,"href":"https:\/\/alzira.es\/es\/wp-json\/wp\/v2\/posts\/39580\/revisions"}],"wp:featuredmedia":[{"embeddable":true,"href":"https:\/\/alzira.es\/es\/wp-json\/wp\/v2\/media\/39577"}],"wp:attachment":[{"href":"https:\/\/alzira.es\/es\/wp-json\/wp\/v2\/media?parent=39580"}],"wp:term":[{"taxonomy":"category","embeddable":true,"href":"https:\/\/alzira.es\/es\/wp-json\/wp\/v2\/categories?post=39580"},{"taxonomy":"post_tag","embeddable":true,"href":"https:\/\/alzira.es\/es\/wp-json\/wp\/v2\/tags?post=39580"}],"curies":[{"name":"wp","href":"https:\/\/api.w.org\/{rel}","templated":true}]}}