{"id":39573,"date":"2019-03-11T09:46:27","date_gmt":"2019-03-11T08:46:27","guid":{"rendered":"https:\/\/alzira.es\/exito-en-el-iii-concurso-de-espardenya-francisco-jose-garcia\/"},"modified":"2019-03-11T09:46:27","modified_gmt":"2019-03-11T08:46:27","slug":"exito-en-el-iii-concurso-de-espardenya-francisco-jose-garcia","status":"publish","type":"post","link":"https:\/\/alzira.es\/es\/exito-en-el-iii-concurso-de-espardenya-francisco-jose-garcia\/","title":{"rendered":"\u00c9xito en el III Concurso de Espardeny\u00e0 Francisco Jos\u00e9 Garc\u00eda"},"content":{"rendered":"<p style=\"text-align: justify;\"><strong>Alzira, 10 de marzo de 2019.-<\/strong> El restaurante Ca tom\u00e0s de Alzira ha resultado ser el restaurante responsable de cocinar la mejor Espardeny\u00e0 al III Concurso de Espardeny\u00e0 Valenciana de Alzira, Francisco Jos\u00e9 Garc\u00eda.<\/p>\n<p style=\"text-align: justify;\">Como ganador, ha recibido un premio patrocinado por el Ayuntamiento de Alzira de 3.000 euros, seguido del restaurante Ros Estudio Gastrobar de Llombai quien ha sido ganador del segundo premio patrocinado por Valencia Turismo de 1.500 euros y el tercer premio, patrocinado por la Mancomunidad de la Ribera Alta, ha reca\u00eddo en el Restaurante Sandra de Valencia, dotado con 1.000 euros.<\/p>\n<p style=\"text-align: justify;\">Adem\u00e1s, este a\u00f1o, gracias a la colaboraci\u00f3n con gastronom\u00eda, el ganador de esta edici\u00f3n har\u00e1 una exhibici\u00f3n de l&#8217;espardeny\u00e0 en la pr\u00f3xima feria gastron\u00f3mica valenciana.<\/p>\n<p style=\"text-align: justify;\">El jurado, formado por reconocidos profesionales de la gastronom\u00eda, ha probado las 26 elaboraciones en dos tandas de 13, la primera las 13:15 y la segunda a las 13:45 horas.<\/p>\n<p style=\"text-align: justify;\">El alcalde de Alzira, Diego G\u00f3mez, con otros miembros de la corporaci\u00f3n municipal, han participado en el concurso junto con la diputada de Turismo, Pilar Moncho.<\/p>\n<p style=\"text-align: justify;\">Un total de 26 restaurantes han participado en la tercera edici\u00f3n del Concurso Nacional este domingo, 10 de marzo, desde las 10 de la ma\u00f1ana en la Plaza del Reino, organizado conjuntamente por el Ayuntamiento de Alzira y Tus Noticias de la Ribera.<\/p>\n<p style=\"text-align: justify;\">Los establecimientos participantes son: El Espardenyot, de Carcaixent; Casa Mariano, de Les Palmeres; Los Botijos, de Bicorp; Hotel Lluna, de Alzira; El Roure, de Alzira; Restaurante Ribera, de Carcaixent; L&#8217;Alfabega, de Alginet; Val i 15, de Alginet; Mes\u00f3n Tous, de Tous; Ca Agust\u00edn, de Sueca; La Granja, de Sueca; Oryza, de Sueca; Cancela Eventos, de Sueca; Picanterra, de Cullera; Bon Aire, de El Palmar; L&#8217;Alquer\u00eda del Pou, de Valencia; La Visteta, de Barx; Honoo, de Valencia; Or\u00edgens, de D\u00e9nia; Restaurante Sandra, de Valencia; Ca Eladio, de Llombai; Ros Estudio, de Llombai; Avenida 2.0, de Massamagrell; Ca Tom\u00e1s, de Alzira; Meishilin, de Valencia; y Flote, de Castell\u00f3n de la Plana.<\/p>\n<p style=\"text-align: justify;\">Un d\u00eda de fiesta de calle donde la organizaci\u00f3n ha repartido m\u00e1s de 600 raciones de espardeny\u00e0 para los asistentes que han querido probarla y en el que Alzira Radio ha llevado a cabo una programaci\u00f3n especial y en directo desde las 12 hasta las 14 horas. Ma. Carmen Cano y David Chord\u00e0 han sido los encargados de recoger las impresiones de todos los protagonistas de la jornada.<\/p>\n<p style=\"text-align: justify;\">Como ya ocurri\u00f3 en la anterior edici\u00f3n, tambi\u00e9n han participado fuera de concurso varias fallas y asociaciones que han cocinado tambi\u00e9n su espardeny\u00e0 en la Pla\u00e7a del Mercat: Falla La Gallera, El Mercat, Pla\u00e7a Major, Creuats Riberencs y Fallers pel M\u00f3n, quien ha resultado destacado con la menci\u00f3n de mejor plato fuera de concurso.<\/p>\n<p style=\"text-align: center;\"><a href=\"https:\/\/alzira.es\/wp-content\/uploads\/2019\/03\/IMG-20190310-WA0006.jpg\" target=\"_blank\" rel=\"noopener\"><img fetchpriority=\"high\" decoding=\"async\" class=\" size-full wp-image-39568\" title=\"\u00c9xito en el III Concurso de Espardeny\u00e0 Francisco Jos\u00e9 Garc\u00eda\" src=\"https:\/\/alzira.es\/wp-content\/uploads\/2019\/03\/IMG-20190310-WA0006.jpg\" alt=\"IMG-20190310-WA0006\" width=\"531\" height=\"316\" srcset=\"https:\/\/alzira.es\/wp-content\/uploads\/2019\/03\/IMG-20190310-WA0006.jpg 1600w, https:\/\/alzira.es\/wp-content\/uploads\/2019\/03\/IMG-20190310-WA0006-680x405.jpg 680w, https:\/\/alzira.es\/wp-content\/uploads\/2019\/03\/IMG-20190310-WA0006-1430x852.jpg 1430w, https:\/\/alzira.es\/wp-content\/uploads\/2019\/03\/IMG-20190310-WA0006-768x457.jpg 768w, https:\/\/alzira.es\/wp-content\/uploads\/2019\/03\/IMG-20190310-WA0006-1536x915.jpg 1536w\" sizes=\"(max-width: 531px) 100vw, 531px\" \/><\/a>&nbsp;<a href=\"https:\/\/alzira.es\/wp-content\/uploads\/2019\/03\/IMG-20190310-WA0008.jpg\" target=\"_blank\" rel=\"noopener\"><img decoding=\"async\" class=\"size-full wp-image-39570 lazyload\" title=\"\u00c9xito en el III Concurso de Espardeny\u00e0 Francisco Jos\u00e9 Garc\u00eda\" data-src=\"https:\/\/alzira.es\/wp-content\/uploads\/2019\/03\/IMG-20190310-WA0008.jpg\" alt=\"IMG-20190310-WA0008\" width=\"400\" height=\"316\" data-srcset=\"https:\/\/alzira.es\/wp-content\/uploads\/2019\/03\/IMG-20190310-WA0008.jpg 1080w, https:\/\/alzira.es\/wp-content\/uploads\/2019\/03\/IMG-20190310-WA0008-646x510.jpg 646w, https:\/\/alzira.es\/wp-content\/uploads\/2019\/03\/IMG-20190310-WA0008-768x607.jpg 768w\" data-sizes=\"(max-width: 400px) 100vw, 400px\" src=\"data:image\/svg+xml;base64,PHN2ZyB3aWR0aD0iMSIgaGVpZ2h0PSIxIiB4bWxucz0iaHR0cDovL3d3dy53My5vcmcvMjAwMC9zdmciPjwvc3ZnPg==\" style=\"--smush-placeholder-width: 400px; --smush-placeholder-aspect-ratio: 400\/316;\" \/><\/a><\/p>\n","protected":false},"excerpt":{"rendered":"<p>Alzira, 10 de marzo de 2019.- El restaurante Ca tom\u00e0s de Alzira ha resultado ser el restaurante responsable de cocinar la mejor Espardeny\u00e0 al III Concurso de Espardeny\u00e0 Valenciana de Alzira, Francisco Jos\u00e9 Garc\u00eda. Como ganador, ha recibido un premio patrocinado por el Ayuntamiento de Alzira de 3.000 euros, seguido del restaurante Ros Estudio Gastrobar &hellip; <\/p>\n<p class=\"link-more\"><a href=\"https:\/\/alzira.es\/es\/exito-en-el-iii-concurso-de-espardenya-francisco-jose-garcia\/\" class=\"more-link\">Continuar leyendo<span class=\"screen-reader-text\"> \u00ab\u00c9xito en el III Concurso de Espardeny\u00e0 Francisco Jos\u00e9 Garc\u00eda\u00bb<\/span><\/a><\/p>\n","protected":false},"author":12,"featured_media":39568,"comment_status":"","ping_status":"","sticky":false,"template":"","format":"standard","meta":{"_acf_changed":false,"footnotes":""},"categories":[4936],"tags":[],"class_list":["post-39573","post","type-post","status-publish","format-standard","has-post-thumbnail","hentry","category-hemeroteca-es"],"acf":[],"_links":{"self":[{"href":"https:\/\/alzira.es\/es\/wp-json\/wp\/v2\/posts\/39573","targetHints":{"allow":["GET"]}}],"collection":[{"href":"https:\/\/alzira.es\/es\/wp-json\/wp\/v2\/posts"}],"about":[{"href":"https:\/\/alzira.es\/es\/wp-json\/wp\/v2\/types\/post"}],"author":[{"embeddable":true,"href":"https:\/\/alzira.es\/es\/wp-json\/wp\/v2\/users\/12"}],"replies":[{"embeddable":true,"href":"https:\/\/alzira.es\/es\/wp-json\/wp\/v2\/comments?post=39573"}],"version-history":[{"count":0,"href":"https:\/\/alzira.es\/es\/wp-json\/wp\/v2\/posts\/39573\/revisions"}],"wp:featuredmedia":[{"embeddable":true,"href":"https:\/\/alzira.es\/es\/wp-json\/wp\/v2\/media\/39568"}],"wp:attachment":[{"href":"https:\/\/alzira.es\/es\/wp-json\/wp\/v2\/media?parent=39573"}],"wp:term":[{"taxonomy":"category","embeddable":true,"href":"https:\/\/alzira.es\/es\/wp-json\/wp\/v2\/categories?post=39573"},{"taxonomy":"post_tag","embeddable":true,"href":"https:\/\/alzira.es\/es\/wp-json\/wp\/v2\/tags?post=39573"}],"curies":[{"name":"wp","href":"https:\/\/api.w.org\/{rel}","templated":true}]}}