{"id":39554,"date":"2019-03-08T13:48:06","date_gmt":"2019-03-08T12:48:06","guid":{"rendered":"https:\/\/alzira.es\/el-ayuntamiento-de-alzira-pone-en-marcha-el-tratamiento-de-endoterapia-en-las-palmeras-de-la-ciudad-para-combatir-el-picudo-rojo\/"},"modified":"2019-03-08T13:48:06","modified_gmt":"2019-03-08T12:48:06","slug":"el-ayuntamiento-de-alzira-pone-en-marcha-el-tratamiento-de-endoterapia-en-las-palmeras-de-la-ciudad-para-combatir-el-picudo-rojo","status":"publish","type":"post","link":"https:\/\/alzira.es\/es\/el-ayuntamiento-de-alzira-pone-en-marcha-el-tratamiento-de-endoterapia-en-las-palmeras-de-la-ciudad-para-combatir-el-picudo-rojo\/","title":{"rendered":"El Ayuntamiento de Alzira pone en marcha el tratamiento de endoterapia en las palmeras de la ciudad para combatir el picudo rojo"},"content":{"rendered":"<p style=\"text-align: justify;\"><strong><a href=\"https:\/\/alzira.es\/wp-content\/uploads\/2019\/03\/20170927_090136.jpg\" target=\"_blank\" rel=\"noopener\"><img fetchpriority=\"high\" decoding=\"async\" class=\" alignleft size-full wp-image-39552\" style=\"margin-right: 10px; float: left;\" title=\"El Ayuntamiento de Alzira pone en marcha el tratamiento de endoterapia en las palmeras de la ciudad para combatir el picudo rojo\" src=\"https:\/\/alzira.es\/wp-content\/uploads\/2019\/03\/20170927_090136.jpg\" alt=\"20170927 090136\" width=\"600\" height=\"338\" srcset=\"https:\/\/alzira.es\/wp-content\/uploads\/2019\/03\/20170927_090136.jpg 1200w, https:\/\/alzira.es\/wp-content\/uploads\/2019\/03\/20170927_090136-680x383.jpg 680w, https:\/\/alzira.es\/wp-content\/uploads\/2019\/03\/20170927_090136-768x432.jpg 768w\" sizes=\"(max-width: 600px) 100vw, 600px\" \/><\/a>Alzira, 8 de marzo de 2019 &#8211;<\/strong> La Concejal\u00eda de Gesti\u00f3n Urban\u00edstica informa que est\u00e1n llev\u00e1ndose a cabo las medidas necesarias dentro del calendario previsto para combatir el picudo rojo en las palmeras que hay dispuestas en varias zonas de la ciudad como la plaza del Reino, la avenida Luis Su\u00f1er o el Rac\u00f3, entre otros, adem\u00e1s de algunas ubicadas en zonas verdes y viales.<\/p>\n<p style=\"text-align: justify;\">Para realizar las intervenciones se utiliza, como en las \u00faltimas ocasiones, la t\u00e9cnica de la endoterapia, que destaca por el respeto a los tratamientos de pulverizaci\u00f3n tradicionales por la ausencia de nebulizaci\u00f3n de producto en el medio ambiente, el suelo y el agua, por lo que es inocua para la salud de las personas y animales, pudi\u00e9ndose utilizar a cualquier hora del d\u00eda.<\/p>\n<p style=\"text-align: justify;\">Esta t\u00e9cnica se basa en inyectar la sustancia en el \u00e1rbol en cuesti\u00f3n y a trav\u00e9s del flujo de la savia que hay en el interior de los tejidos vasculares (xilema) se distribuye. Este flujo viene determinado por la transpiraci\u00f3n y la capacidad de intercambio osm\u00f3tico en las ra\u00edces, por lo tanto, cuando las dos variables se encuentran en funcionamiento el tratamiento es favorable y funciona a pleno rendimiento.<\/p>\n<p style=\"text-align: justify;\">Fernando Pascual, concejal de Gesti\u00f3n Urban\u00edstica, declara al respecto \u00abEsta nueva t\u00e9cnica ya la hemos utilizado en otras ocasiones, ya que para combatir el picudo rojo nos permite trabajar con m\u00e1s fiabilidad y comodidad, tanto para las palmeras como para el personal encargado de realizar los trabajos\u00bb.<\/p>\n","protected":false},"excerpt":{"rendered":"<p>Alzira, 8 de marzo de 2019 &#8211; La Concejal\u00eda de Gesti\u00f3n Urban\u00edstica informa que est\u00e1n llev\u00e1ndose a cabo las medidas necesarias dentro del calendario previsto para combatir el picudo rojo en las palmeras que hay dispuestas en varias zonas de la ciudad como la plaza del Reino, la avenida Luis Su\u00f1er o el Rac\u00f3, entre &hellip; <\/p>\n<p class=\"link-more\"><a href=\"https:\/\/alzira.es\/es\/el-ayuntamiento-de-alzira-pone-en-marcha-el-tratamiento-de-endoterapia-en-las-palmeras-de-la-ciudad-para-combatir-el-picudo-rojo\/\" class=\"more-link\">Continuar leyendo<span class=\"screen-reader-text\"> \u00abEl Ayuntamiento de Alzira pone en marcha el tratamiento de endoterapia en las palmeras de la ciudad para combatir el picudo rojo\u00bb<\/span><\/a><\/p>\n","protected":false},"author":12,"featured_media":24644,"comment_status":"","ping_status":"","sticky":false,"template":"","format":"standard","meta":{"_acf_changed":false,"footnotes":""},"categories":[4936],"tags":[],"class_list":["post-39554","post","type-post","status-publish","format-standard","has-post-thumbnail","hentry","category-hemeroteca-es"],"acf":[],"_links":{"self":[{"href":"https:\/\/alzira.es\/es\/wp-json\/wp\/v2\/posts\/39554","targetHints":{"allow":["GET"]}}],"collection":[{"href":"https:\/\/alzira.es\/es\/wp-json\/wp\/v2\/posts"}],"about":[{"href":"https:\/\/alzira.es\/es\/wp-json\/wp\/v2\/types\/post"}],"author":[{"embeddable":true,"href":"https:\/\/alzira.es\/es\/wp-json\/wp\/v2\/users\/12"}],"replies":[{"embeddable":true,"href":"https:\/\/alzira.es\/es\/wp-json\/wp\/v2\/comments?post=39554"}],"version-history":[{"count":0,"href":"https:\/\/alzira.es\/es\/wp-json\/wp\/v2\/posts\/39554\/revisions"}],"wp:featuredmedia":[{"embeddable":true,"href":"https:\/\/alzira.es\/es\/wp-json\/wp\/v2\/media\/24644"}],"wp:attachment":[{"href":"https:\/\/alzira.es\/es\/wp-json\/wp\/v2\/media?parent=39554"}],"wp:term":[{"taxonomy":"category","embeddable":true,"href":"https:\/\/alzira.es\/es\/wp-json\/wp\/v2\/categories?post=39554"},{"taxonomy":"post_tag","embeddable":true,"href":"https:\/\/alzira.es\/es\/wp-json\/wp\/v2\/tags?post=39554"}],"curies":[{"name":"wp","href":"https:\/\/api.w.org\/{rel}","templated":true}]}}