{"id":39547,"date":"2019-03-08T13:01:29","date_gmt":"2019-03-08T12:01:29","guid":{"rendered":"https:\/\/alzira.es\/17-parejas-participan-en-alzira-para-formar-parte-del-voluntariado-por-el-valenciano\/"},"modified":"2019-03-08T13:01:29","modified_gmt":"2019-03-08T12:01:29","slug":"17-parejas-participan-en-alzira-para-formar-parte-del-voluntariado-por-el-valenciano","status":"publish","type":"post","link":"https:\/\/alzira.es\/es\/17-parejas-participan-en-alzira-para-formar-parte-del-voluntariado-por-el-valenciano\/","title":{"rendered":"17 parejas participan en Alzira para formar parte del Voluntariado por el Valenciano"},"content":{"rendered":"<p style=\"text-align: justify;\"><strong>Alzira, 8 de marzo de 2019.-<\/strong> El pasado jueves 7 de marzo se realiz\u00f3 en el Centro de Educaci\u00f3n de Personas Adultas de Alzira \u00abEnric Valor\u00bb el acto de presentaci\u00f3n de las parejas ling\u00fc\u00edsticas del programa Voluntariado por el Valenciano, despu\u00e9s de que hace tres semanas se firmar\u00e1 el convenio de colaboraci\u00f3n entre el Ayuntamiento de Alzira y Escola Valenciana, fundaci\u00f3n que organiza el programa.<\/p>\n<p style=\"text-align: justify;\">17 voluntarios se encontraron por primera vez con sus respectivos aprendices.<\/p>\n<p style=\"text-align: justify;\">El alcalde, Diego G\u00f3mez, hizo una breve introducci\u00f3n, explic\u00f3 el funcionamiento del programa y agradeci\u00f3 a los voluntarios y aprendices unirse al programa. A continuaci\u00f3n, la t\u00e9cnica de Escola Valenciana Maril\u00f3 Gradol\u00ed record\u00f3 que \u00abno hay que ser profesor de valenciano para ser voluntario, s\u00f3lo ganas de ayudar a los aprendices a hablarlo\u00bb. Y sobre los aprendices, se\u00f1al\u00f3 que \u00abes importante perder la verg\u00fcenza y empezar a hablar el valenciano sin importar hacer errores, ya que esto es normal al empezar a hablar una nueva lengua\u00bb. Al finalizar el acto, se ofreci\u00f3 a los voluntarios y aprendices un vino de honor con la cata de la t\u00edpica regany\u00e0 alzire\u00f1a.<\/p>\n<p style=\"text-align: justify;\">El Voluntariado por el Valenciano es el proyecto de participaci\u00f3n ling\u00fc\u00edstica que tiene por objetivo poner en contacto voluntarios que quieran destinar una hora a la semana (durante un m\u00ednimo de 10 semanas) a conversar con personas que quieren lanzarse a hablar en valenciano. En la edici\u00f3n de este a\u00f1o hay tambi\u00e9n voluntarios adolescentes que ayudar\u00e1n a hablar valenciano a compa\u00f1eros suyos del mismo instituto reci\u00e9n llegados que necesitan mejorar la expresi\u00f3n oral.<\/p>\n<p style=\"text-align: justify;\">Esta iniciativa, adem\u00e1s de facilitar un interlocutor para poder conversar en valenciano, quiere incidir en los h\u00e1bitos ling\u00fc\u00edsticos de los valencianoparlantes y consolidar la idea de que el valenciano es y debe ser \u00ablengua de acogida\u00bb para gente que no tenga el valenciano como lengua materna.<\/p>\n<p style=\"text-align: justify;\">El Voluntariado por el Valenciano de Escuela Valenciana se cre\u00f3 en 2005 y, en estos 13 a\u00f1os de bagaje, ha conseguido poner en contacto cerca de 27.000 voluntarios y voluntarias de 80 localidades diferentes.<\/p>\n<p style=\"text-align: center;\"><a href=\"https:\/\/alzira.es\/wp-content\/uploads\/2019\/03\/1.jpg\" target=\"_blank\" rel=\"noopener\"><img fetchpriority=\"high\" decoding=\"async\" class=\" size-full wp-image-39534\" title=\"17 voluntarios participan en Alzira para formar parte del Voluntariado por el Valenciano\" src=\"https:\/\/alzira.es\/wp-content\/uploads\/2019\/03\/1.jpg\" alt=\"1\" width=\"400\" height=\"267\" \/><\/a>&nbsp;<a href=\"https:\/\/alzira.es\/wp-content\/uploads\/2019\/03\/2.jpg\" target=\"_blank\" rel=\"noopener\"><img decoding=\"async\" class=\"size-full wp-image-39537 lazyload\" title=\"17 voluntarios participan en Alzira para formar parte del Voluntariado por el Valenciano\" data-src=\"https:\/\/alzira.es\/wp-content\/uploads\/2019\/03\/2.jpg\" alt=\"2\" width=\"400\" height=\"267\" src=\"data:image\/svg+xml;base64,PHN2ZyB3aWR0aD0iMSIgaGVpZ2h0PSIxIiB4bWxucz0iaHR0cDovL3d3dy53My5vcmcvMjAwMC9zdmciPjwvc3ZnPg==\" style=\"--smush-placeholder-width: 400px; --smush-placeholder-aspect-ratio: 400\/267;\" \/><\/a>&nbsp;<a href=\"https:\/\/alzira.es\/wp-content\/uploads\/2019\/03\/3.jpg\" target=\"_blank\" rel=\"noopener\"><img decoding=\"async\" class=\"size-full wp-image-39539 lazyload\" title=\"17 voluntarios participan en Alzira para formar parte del Voluntariado por el Valenciano\" data-src=\"https:\/\/alzira.es\/wp-content\/uploads\/2019\/03\/3.jpg\" alt=\"3\" width=\"400\" height=\"267\" src=\"data:image\/svg+xml;base64,PHN2ZyB3aWR0aD0iMSIgaGVpZ2h0PSIxIiB4bWxucz0iaHR0cDovL3d3dy53My5vcmcvMjAwMC9zdmciPjwvc3ZnPg==\" style=\"--smush-placeholder-width: 400px; --smush-placeholder-aspect-ratio: 400\/267;\" \/><\/a>&nbsp;<a href=\"https:\/\/alzira.es\/wp-content\/uploads\/2019\/03\/4.jpg\" target=\"_blank\" rel=\"noopener\"><img decoding=\"async\" class=\"size-full wp-image-39541 lazyload\" title=\"17 voluntarios participan en Alzira para formar parte del Voluntariado por el Valenciano\" data-src=\"https:\/\/alzira.es\/wp-content\/uploads\/2019\/03\/4.jpg\" alt=\"4\" width=\"400\" height=\"267\" src=\"data:image\/svg+xml;base64,PHN2ZyB3aWR0aD0iMSIgaGVpZ2h0PSIxIiB4bWxucz0iaHR0cDovL3d3dy53My5vcmcvMjAwMC9zdmciPjwvc3ZnPg==\" style=\"--smush-placeholder-width: 400px; --smush-placeholder-aspect-ratio: 400\/267;\" \/><\/a>&nbsp;<a href=\"https:\/\/alzira.es\/wp-content\/uploads\/2019\/03\/5.jpg\" target=\"_blank\" rel=\"noopener\"><img decoding=\"async\" class=\"size-full wp-image-39543 lazyload\" title=\"17 voluntarios participan en Alzira para formar parte del Voluntariado por el Valenciano\" data-src=\"https:\/\/alzira.es\/wp-content\/uploads\/2019\/03\/5.jpg\" alt=\"5\" width=\"400\" height=\"267\" src=\"data:image\/svg+xml;base64,PHN2ZyB3aWR0aD0iMSIgaGVpZ2h0PSIxIiB4bWxucz0iaHR0cDovL3d3dy53My5vcmcvMjAwMC9zdmciPjwvc3ZnPg==\" style=\"--smush-placeholder-width: 400px; --smush-placeholder-aspect-ratio: 400\/267;\" \/><\/a>&nbsp;<a href=\"https:\/\/alzira.es\/wp-content\/uploads\/2019\/03\/IMG_9895.jpg\" target=\"_blank\" rel=\"noopener\"><img decoding=\"async\" class=\"size-full wp-image-39545 lazyload\" title=\"17 voluntarios participan en Alzira para formar parte del Voluntariado por el Valenciano\" data-src=\"https:\/\/alzira.es\/wp-content\/uploads\/2019\/03\/IMG_9895.jpg\" alt=\"IMG 9895\" width=\"400\" height=\"267\" src=\"data:image\/svg+xml;base64,PHN2ZyB3aWR0aD0iMSIgaGVpZ2h0PSIxIiB4bWxucz0iaHR0cDovL3d3dy53My5vcmcvMjAwMC9zdmciPjwvc3ZnPg==\" style=\"--smush-placeholder-width: 400px; --smush-placeholder-aspect-ratio: 400\/267;\" \/><\/a><\/p>\n","protected":false},"excerpt":{"rendered":"<p>Alzira, 8 de marzo de 2019.- El pasado jueves 7 de marzo se realiz\u00f3 en el Centro de Educaci\u00f3n de Personas Adultas de Alzira \u00abEnric Valor\u00bb el acto de presentaci\u00f3n de las parejas ling\u00fc\u00edsticas del programa Voluntariado por el Valenciano, despu\u00e9s de que hace tres semanas se firmar\u00e1 el convenio de colaboraci\u00f3n entre el Ayuntamiento &hellip; <\/p>\n<p class=\"link-more\"><a href=\"https:\/\/alzira.es\/es\/17-parejas-participan-en-alzira-para-formar-parte-del-voluntariado-por-el-valenciano\/\" class=\"more-link\">Continuar leyendo<span class=\"screen-reader-text\"> \u00ab17 parejas participan en Alzira para formar parte del Voluntariado por el Valenciano\u00bb<\/span><\/a><\/p>\n","protected":false},"author":12,"featured_media":39534,"comment_status":"","ping_status":"","sticky":false,"template":"","format":"standard","meta":{"_acf_changed":false,"footnotes":""},"categories":[4936],"tags":[],"class_list":["post-39547","post","type-post","status-publish","format-standard","has-post-thumbnail","hentry","category-hemeroteca-es"],"acf":[],"_links":{"self":[{"href":"https:\/\/alzira.es\/es\/wp-json\/wp\/v2\/posts\/39547","targetHints":{"allow":["GET"]}}],"collection":[{"href":"https:\/\/alzira.es\/es\/wp-json\/wp\/v2\/posts"}],"about":[{"href":"https:\/\/alzira.es\/es\/wp-json\/wp\/v2\/types\/post"}],"author":[{"embeddable":true,"href":"https:\/\/alzira.es\/es\/wp-json\/wp\/v2\/users\/12"}],"replies":[{"embeddable":true,"href":"https:\/\/alzira.es\/es\/wp-json\/wp\/v2\/comments?post=39547"}],"version-history":[{"count":0,"href":"https:\/\/alzira.es\/es\/wp-json\/wp\/v2\/posts\/39547\/revisions"}],"wp:featuredmedia":[{"embeddable":true,"href":"https:\/\/alzira.es\/es\/wp-json\/wp\/v2\/media\/39534"}],"wp:attachment":[{"href":"https:\/\/alzira.es\/es\/wp-json\/wp\/v2\/media?parent=39547"}],"wp:term":[{"taxonomy":"category","embeddable":true,"href":"https:\/\/alzira.es\/es\/wp-json\/wp\/v2\/categories?post=39547"},{"taxonomy":"post_tag","embeddable":true,"href":"https:\/\/alzira.es\/es\/wp-json\/wp\/v2\/tags?post=39547"}],"curies":[{"name":"wp","href":"https:\/\/api.w.org\/{rel}","templated":true}]}}