{"id":39494,"date":"2019-03-07T12:20:57","date_gmt":"2019-03-07T11:20:57","guid":{"rendered":"https:\/\/alzira.es\/el-servicio-de-autobus-urbano-municipal-sera-gratuito-desde-el-dia-8-al-19-de-marzo\/"},"modified":"2019-03-07T12:20:57","modified_gmt":"2019-03-07T11:20:57","slug":"el-servicio-de-autobus-urbano-municipal-sera-gratuito-desde-el-dia-8-al-19-de-marzo","status":"publish","type":"post","link":"https:\/\/alzira.es\/es\/el-servicio-de-autobus-urbano-municipal-sera-gratuito-desde-el-dia-8-al-19-de-marzo\/","title":{"rendered":"El servicio de autob\u00fas urbano municipal ser\u00e1 gratuito desde el d\u00eda 8 al 19 de marzo"},"content":{"rendered":"<p><strong>Alzira, 6 de marzo de 2019 &#8211;<\/strong> La Concejal\u00eda de Gesti\u00f3n Urban\u00edstica informa de las modificaciones que se har\u00e1n en el trayecto de las l\u00edneas del autob\u00fas urbano, desde el viernes 8 hasta el d\u00eda 19 de marzo, por la instalaci\u00f3n de carpas y monumentos durante las fiestas de Fallas en nuestra ciudad.<\/p>\n<p>Por lo cual y debido a los cambios en las l\u00edneas habituales, el concejal de Gesti\u00f3n Urban\u00edstica, Fernando Pascual, pone en conocimiento de toda la ciudadan\u00eda que este servicio ser\u00e1 gratuito para todos los usuarios durante los d\u00edas previos y la semana grande de las Fallas en nuestra ciudad, es decir, desde el viernes 8 hasta el martes 19 de marzo.<\/p>\n<p>Las modificaciones en las l\u00edneas quedan de la siguiente manera:<\/p>\n<p><strong>DEL 8 AL 19 DE MARZO DE 2019<\/strong><\/p>\n<p>Hospital en y veintid\u00f3s cinco y menos cinco Hospital a y cuarto y menos cuarto<br \/>(Excepto 8: 45-9: 45-16: 45-17: 45)<br \/>Renfe en las horas y medias Renfe en y cuarto y menos cuarto<a href=\"https:\/\/alzira.es\/wp-content\/uploads\/2019\/03\/BUS_FALLES_full-06.jpg\" target=\"_blank\" rel=\"noopener\"><img fetchpriority=\"high\" decoding=\"async\" class=\" alignright size-full wp-image-39385\" style=\"margin-right: 10px; float: right;\" title=\"El servicio de autob\u00fas urbano municipal ser\u00e1 gratuito desde el d\u00eda 8 al 19 de marzo\" src=\"https:\/\/alzira.es\/wp-content\/uploads\/2019\/03\/BUS_FALLES_full-06.jpg\" alt=\"BUS FALLES full-06\" width=\"463\" height=\"700\" srcset=\"https:\/\/alzira.es\/wp-content\/uploads\/2019\/03\/BUS_FALLES_full-06.jpg 1108w, https:\/\/alzira.es\/wp-content\/uploads\/2019\/03\/BUS_FALLES_full-06-337x510.jpg 337w, https:\/\/alzira.es\/wp-content\/uploads\/2019\/03\/BUS_FALLES_full-06-709x1072.jpg 709w, https:\/\/alzira.es\/wp-content\/uploads\/2019\/03\/BUS_FALLES_full-06-768x1162.jpg 768w, https:\/\/alzira.es\/wp-content\/uploads\/2019\/03\/BUS_FALLES_full-06-1015x1536.jpg 1015w\" sizes=\"(max-width: 463px) 100vw, 463px\" \/><\/a>(Excepto 8: 15-9: 15-16: 15-17: 15)<\/p>\n<p><strong><span style=\"color: #ff9900;\">L\u00cdNEA NARANJA<\/span>&nbsp;<\/strong><br \/><strong>HOSPITAL<\/strong>&nbsp;<br \/>AV. DEL MEDITERR\u00c1NEO-DIPUTACI\u00d3N&nbsp;<br \/>AV. LOS DEPORTES<br \/>C. C. CARREFOUR&nbsp;<br \/>AV. DEL PADRE Pompilio&nbsp;<br \/>JOSEFINA FERN\u00c1NDEZ&nbsp;<br \/>REDONDA C\/ GANDIA-PARC DEL Alquenencia&nbsp;<br \/>GANDIA-SERVEF&nbsp;<br \/>TRINIDAD REDAL&nbsp;<br \/>RONDA ACEQUIA REAL-CENTRO DE SALUD&nbsp;<br \/>PL. DEL REINO&nbsp;<br \/>TERMINAL DE AUTOBUSES&nbsp;<br \/><strong>ESTACI\u00d3N RENFE&nbsp;<\/strong><br \/>PL. DEL REINO&nbsp;<br \/>REDONDA C\/ Gandia- PARQUE DEL Alquenencia&nbsp;<br \/>GANDIA-SERVEF<br \/>JOSEFINA FERN\u00c1NDEZ&nbsp;<br \/>AV. DEL PADRE Pompilio&nbsp;<br \/>GENERAL ESPARTERO<br \/>AV. DEL MEDITERR\u00c1NEO<br \/><strong>HOSPITAL<\/strong><\/p>\n<p><span style=\"color: #99cc00;\"><strong>L\u00cdNEA 3 VERDE<\/strong><\/span><br \/><strong>HOSPITAL<\/strong><br \/>CASAL FESTER<br \/>AV. LOS DEPORTES<br \/>C. C. CARREFOUR<br \/>SUECA<br \/>JOANOT MARTORELL<br \/>SANTS PATRONS<br \/>PL. REINO<br \/>TERMINAL DE AUTOBUSES<br \/><strong>ESTACI\u00d3N RENFE<\/strong><br \/>C\/ SABATERS<br \/>PL. DEL REINO<br \/>SANTS PATRONS<br \/>JOANOT MARTORELL<br \/>SUECA<br \/>GENERAL ESPARTERO<br \/>AV. DEL MEDITERR\u00c1NEO<br \/><strong>HOSPITAL<\/strong><\/p>\n<p>Hay que informar que cuando por motivos de actos falleros o masclet\u00e1s se corte el acceso a la plaza del Reino, la parada de referencia para el centro de Alzira ser\u00e1 la estaci\u00f3n de autobuses (59)<\/p>\n<p>Los d\u00edas 10, 17 y 19 de marzo las dos l\u00edneas funcionar\u00e1n en horario de festivo<\/p>\n","protected":false},"excerpt":{"rendered":"<p>Alzira, 6 de marzo de 2019 &#8211; La Concejal\u00eda de Gesti\u00f3n Urban\u00edstica informa de las modificaciones que se har\u00e1n en el trayecto de las l\u00edneas del autob\u00fas urbano, desde el viernes 8 hasta el d\u00eda 19 de marzo, por la instalaci\u00f3n de carpas y monumentos durante las fiestas de Fallas en nuestra ciudad. Por lo &hellip; <\/p>\n<p class=\"link-more\"><a href=\"https:\/\/alzira.es\/es\/el-servicio-de-autobus-urbano-municipal-sera-gratuito-desde-el-dia-8-al-19-de-marzo\/\" class=\"more-link\">Continuar leyendo<span class=\"screen-reader-text\"> \u00abEl servicio de autob\u00fas urbano municipal ser\u00e1 gratuito desde el d\u00eda 8 al 19 de marzo\u00bb<\/span><\/a><\/p>\n","protected":false},"author":12,"featured_media":39385,"comment_status":"","ping_status":"","sticky":false,"template":"","format":"standard","meta":{"_acf_changed":false,"footnotes":""},"categories":[4936],"tags":[],"class_list":["post-39494","post","type-post","status-publish","format-standard","has-post-thumbnail","hentry","category-hemeroteca-es"],"acf":[],"_links":{"self":[{"href":"https:\/\/alzira.es\/es\/wp-json\/wp\/v2\/posts\/39494","targetHints":{"allow":["GET"]}}],"collection":[{"href":"https:\/\/alzira.es\/es\/wp-json\/wp\/v2\/posts"}],"about":[{"href":"https:\/\/alzira.es\/es\/wp-json\/wp\/v2\/types\/post"}],"author":[{"embeddable":true,"href":"https:\/\/alzira.es\/es\/wp-json\/wp\/v2\/users\/12"}],"replies":[{"embeddable":true,"href":"https:\/\/alzira.es\/es\/wp-json\/wp\/v2\/comments?post=39494"}],"version-history":[{"count":0,"href":"https:\/\/alzira.es\/es\/wp-json\/wp\/v2\/posts\/39494\/revisions"}],"wp:featuredmedia":[{"embeddable":true,"href":"https:\/\/alzira.es\/es\/wp-json\/wp\/v2\/media\/39385"}],"wp:attachment":[{"href":"https:\/\/alzira.es\/es\/wp-json\/wp\/v2\/media?parent=39494"}],"wp:term":[{"taxonomy":"category","embeddable":true,"href":"https:\/\/alzira.es\/es\/wp-json\/wp\/v2\/categories?post=39494"},{"taxonomy":"post_tag","embeddable":true,"href":"https:\/\/alzira.es\/es\/wp-json\/wp\/v2\/tags?post=39494"}],"curies":[{"name":"wp","href":"https:\/\/api.w.org\/{rel}","templated":true}]}}