{"id":39416,"date":"2019-03-06T13:56:21","date_gmt":"2019-03-06T12:56:21","guid":{"rendered":"https:\/\/alzira.es\/finalitzen-les-tasques-de-manteniment-i-restauracio-de-la-maquina-de-tren-mikado-d-alzira\/"},"modified":"2019-03-06T13:56:21","modified_gmt":"2019-03-06T12:56:21","slug":"finalitzen-les-tasques-de-manteniment-i-restauracio-de-la-maquina-de-tren-mikado-d-alzira","status":"publish","type":"post","link":"https:\/\/alzira.es\/es\/finalitzen-les-tasques-de-manteniment-i-restauracio-de-la-maquina-de-tren-mikado-d-alzira\/","title":{"rendered":"Finalitzen les tasques de manteniment i restauraci\u00f3 de la m\u00e0quina de tren Mikado d\u2019Alzira"},"content":{"rendered":"<p style=\"text-align: justify;\"><strong>Alzira, 6 de mar\u00e7 de 2019 \u2013<\/strong> La m\u00e0quina de tren Mikado, situada al final de l&#8217;avinguda Llu\u00eds Su\u00f1er, ja llu\u00efx una imatge renovada, despr\u00e9s de realitzar-se les tasques de manteniment i restauraci\u00f3 que estaven portant-se a terme. Les actuacions de millora han consistit a incorporar una base protectora per al material de ferro, a m\u00e9s dels colors que actualment llu\u00efx, com tamb\u00e9 condicionar l&#8217;espai adequadament i restaurar la il\u2022luminaci\u00f3 externa.<\/p>\n<p style=\"text-align: justify;\">Fent un xicotet rep\u00e0s a la seua hist\u00f2ria, recordarem que les Mikado eren locomotores molt vers\u00e0tils que s&#8217;adaptaven a totes les composicions. Amb un di\u00e0metre de roda de 1.560 mm i els seus quasi 2.000 CV de pot\u00e8ncia, podia arribar als 115 km\/h. Era una m\u00e0quina ben adaptada per a la tracci\u00f3 de trens de 3.000 a 5.000 tones.<\/p>\n<p style=\"text-align: justify;\">Part de les locomotores Mikado espanyoles funcionaven amb carb\u00f3 i una altra part amb fuel. Este carburant permetia utilitzar el carb\u00f3 en altres menesters en els quals era insubstitu\u00efble.<\/p>\n<p style=\"text-align: justify;\">Afortunadament, a hores d&#8217;ara encara existixen algunes locomotores Mikado que es mantenen en \u00f2ptimes condicions gr\u00e0cies a les institucions p\u00fabliques i una d&#8217;elles est\u00e0 a la nostra ciutat.<\/p>\n<p style=\"text-align: justify;\">El regidor de Gesti\u00f3 Urban\u00edstica ha supervisat les actuacions de millora de la locomotora i ha declarat al respecte: \u00abUna volta acabats els treballs de restauraci\u00f3 i manteniment ja podem gaudir, amb satisfacci\u00f3, d&#8217;esta pe\u00e7a patrimonial alzirenya. Des de la Regidoria de Gesti\u00f3 Urban\u00edstica s&#8217;ha decidit fer estos treballs per a conservar una de les poques m\u00e0quines Mikado que existixen al nostre pa\u00eds i que despr\u00e9s de molts anys s&#8217;ha convertit en un lloc de refer\u00e8ncia a la nostra ciutat, peces \u00faniques que formen part de la nostra hist\u00f2ria, dels nostres costums i la nostra cultura. A m\u00e9s, cal destacar que mantindre en bon estat el nostre patrimoni \u00e9s una tasca necess\u00e0ria i per aix\u00f2 esta Regidoria sempre treballa pel b\u00e9 de la ciutat i dels ciutadans.<\/p>\n<p style=\"text-align: justify;\">&nbsp;<\/p>\n<p style=\"text-align: center;\"><a href=\"https:\/\/alzira.es\/wp-content\/uploads\/2019\/03\/IMG_4589.jpg\" target=\"_blank\" rel=\"noopener\"><img fetchpriority=\"high\" decoding=\"async\" class=\" size-full wp-image-39409\" title=\"Finalitzen les tasques de manteniment i restauraci\u00f3 de la m\u00e0quina de tren Mikado d\u2019Alzira\" src=\"https:\/\/alzira.es\/wp-content\/uploads\/2019\/03\/IMG_4589.jpg\" alt=\"IMG 4589\" width=\"400\" height=\"300\" \/><\/a>&nbsp;<a href=\"https:\/\/alzira.es\/wp-content\/uploads\/2019\/03\/IMG_4594.jpg\" target=\"_blank\" rel=\"noopener\"><img decoding=\"async\" class=\"size-full wp-image-39411 lazyload\" title=\"Finalitzen les tasques de manteniment i restauraci\u00f3 de la m\u00e0quina de tren Mikado d\u2019Alzira\" data-src=\"https:\/\/alzira.es\/wp-content\/uploads\/2019\/03\/IMG_4594.jpg\" alt=\"IMG 4594\" width=\"400\" height=\"300\" src=\"data:image\/svg+xml;base64,PHN2ZyB3aWR0aD0iMSIgaGVpZ2h0PSIxIiB4bWxucz0iaHR0cDovL3d3dy53My5vcmcvMjAwMC9zdmciPjwvc3ZnPg==\" style=\"--smush-placeholder-width: 400px; --smush-placeholder-aspect-ratio: 400\/300;\" \/><\/a><\/p>\n","protected":false},"excerpt":{"rendered":"<p>Alzira, 6 de mar\u00e7 de 2019 \u2013 La m\u00e0quina de tren Mikado, situada al final de l&#8217;avinguda Llu\u00eds Su\u00f1er, ja llu\u00efx una imatge renovada, despr\u00e9s de realitzar-se les tasques de manteniment i restauraci\u00f3 que estaven portant-se a terme. Les actuacions de millora han consistit a incorporar una base protectora per al material de ferro, a &hellip; <\/p>\n<p class=\"link-more\"><a href=\"https:\/\/alzira.es\/es\/finalitzen-les-tasques-de-manteniment-i-restauracio-de-la-maquina-de-tren-mikado-d-alzira\/\" class=\"more-link\">Continuar leyendo<span class=\"screen-reader-text\"> \u00abFinalitzen les tasques de manteniment i restauraci\u00f3 de la m\u00e0quina de tren Mikado d\u2019Alzira\u00bb<\/span><\/a><\/p>\n","protected":false},"author":12,"featured_media":39409,"comment_status":"","ping_status":"","sticky":false,"template":"","format":"standard","meta":{"_acf_changed":false,"footnotes":""},"categories":[],"tags":[],"class_list":["post-39416","post","type-post","status-publish","format-standard","has-post-thumbnail","hentry"],"acf":[],"_links":{"self":[{"href":"https:\/\/alzira.es\/es\/wp-json\/wp\/v2\/posts\/39416","targetHints":{"allow":["GET"]}}],"collection":[{"href":"https:\/\/alzira.es\/es\/wp-json\/wp\/v2\/posts"}],"about":[{"href":"https:\/\/alzira.es\/es\/wp-json\/wp\/v2\/types\/post"}],"author":[{"embeddable":true,"href":"https:\/\/alzira.es\/es\/wp-json\/wp\/v2\/users\/12"}],"replies":[{"embeddable":true,"href":"https:\/\/alzira.es\/es\/wp-json\/wp\/v2\/comments?post=39416"}],"version-history":[{"count":0,"href":"https:\/\/alzira.es\/es\/wp-json\/wp\/v2\/posts\/39416\/revisions"}],"wp:featuredmedia":[{"embeddable":true,"href":"https:\/\/alzira.es\/es\/wp-json\/wp\/v2\/media\/39409"}],"wp:attachment":[{"href":"https:\/\/alzira.es\/es\/wp-json\/wp\/v2\/media?parent=39416"}],"wp:term":[{"taxonomy":"category","embeddable":true,"href":"https:\/\/alzira.es\/es\/wp-json\/wp\/v2\/categories?post=39416"},{"taxonomy":"post_tag","embeddable":true,"href":"https:\/\/alzira.es\/es\/wp-json\/wp\/v2\/tags?post=39416"}],"curies":[{"name":"wp","href":"https:\/\/api.w.org\/{rel}","templated":true}]}}