{"id":39414,"date":"2019-03-06T13:56:21","date_gmt":"2019-03-06T12:56:21","guid":{"rendered":"https:\/\/alzira.es\/finalizan-las-tareas-de-mantenimiento-y-restauracion-de-la-maquina-de-tren-mikado-de-alzira\/"},"modified":"2019-03-06T13:56:21","modified_gmt":"2019-03-06T12:56:21","slug":"finalizan-las-tareas-de-mantenimiento-y-restauracion-de-la-maquina-de-tren-mikado-de-alzira","status":"publish","type":"post","link":"https:\/\/alzira.es\/es\/finalizan-las-tareas-de-mantenimiento-y-restauracion-de-la-maquina-de-tren-mikado-de-alzira\/","title":{"rendered":"Finalizan las tareas de mantenimiento y restauraci\u00f3n de la m\u00e1quina de tren Mikado de Alzira"},"content":{"rendered":"<p style=\"text-align: justify;\"><strong>Alzira, 6 de marzo de 2019 &#8211;<\/strong> La m\u00e1quina de tren Mikado, situada al final de la avenida Luis Su\u00f1er, ya luce una imagen renovada, tras realizarse las tareas de mantenimiento y restauraci\u00f3n que estaban llevando a cabo. Las actuaciones de mejora han consistido en incorporar una base protectora para el material de hierro, adem\u00e1s de los colores que actualmente luce, as\u00ed como acondicionar el espacio adecuadamente y restaurar la iluminaci\u00f3n externa.<\/p>\n<p style=\"text-align: justify;\">Haciendo un peque\u00f1o repaso a su historia, recordaremos que las Mikado eran locomotoras muy vers\u00e1tiles que se adaptaban a todas las composiciones. Con un di\u00e1metro de rueda de 1.560 mm y sus casi 2.000 CV de potencia, pod\u00eda alcanzar los 115 km\/h. Era una m\u00e1quina bien adaptada para la tracci\u00f3n de trenes de 3.000 a 5.000 toneladas.<\/p>\n<p style=\"text-align: justify;\">Parte de las locomotoras Mikado espa\u00f1olas funcionaban con carb\u00f3n y otra parte con fuel. Este carburante permit\u00eda utilizar el carb\u00f3n en otros menesteres en los que era insustituible.<\/p>\n<p style=\"text-align: justify;\">Afortunadamente, a estas alturas todav\u00eda existen algunas locomotoras Mikado que se mantienen en \u00f3ptimas condiciones gracias a las instituciones p\u00fablicas y una de ellas est\u00e1 en nuestra ciudad.<\/p>\n<p style=\"text-align: justify;\">El concejal de Gesti\u00f3n Urban\u00edstica ha supervisado las actuaciones de mejora de la locomotora y ha declarado al respecto \u00abUna vez terminados los trabajos de restauraci\u00f3n y mantenimiento ya podemos disfrutar, con satisfacci\u00f3n, de esta pieza patrimonial alzire\u00f1a. Desde la Concejal\u00eda de Gesti\u00f3n Urban\u00edstica se ha decidido hacer estos trabajos para conservar una de las pocas m\u00e1quinas Mikado que existen en nuestro pa\u00eds y que despu\u00e9s de muchos a\u00f1os se ha convertido en un lugar de referencia en nuestra ciudad, piezas \u00fanicas que forman parte de nuestra historia, de nuestras costumbres y nuestra cultura. Adem\u00e1s, cabe destacar que mantener en buen estado nuestro patrimonio es una tarea necesaria y por eso esta Concejal\u00eda siempre trabaja por el bien de la ciudad y de los ciudadanos.<\/p>\n<p style=\"text-align: center;\"><a href=\"https:\/\/alzira.es\/wp-content\/uploads\/2019\/03\/IMG_4589.jpg\" target=\"_blank\" rel=\"noopener\"><img fetchpriority=\"high\" decoding=\"async\" class=\" size-full wp-image-39409\" title=\"Finalizan las tareas de mantenimiento y restauraci\u00f3n de la m\u00e1quina de tren Mikado de Alzira\" src=\"https:\/\/alzira.es\/wp-content\/uploads\/2019\/03\/IMG_4589.jpg\" alt=\"IMG 4589\" width=\"400\" height=\"300\" \/><\/a>&nbsp;<a href=\"https:\/\/alzira.es\/wp-content\/uploads\/2019\/03\/IMG_4594.jpg\" target=\"_blank\" rel=\"noopener\"><img decoding=\"async\" class=\"size-full wp-image-39411 lazyload\" title=\"Finalizan las tareas de mantenimiento y restauraci\u00f3n de la m\u00e1quina de tren Mikado de Alzira\" data-src=\"https:\/\/alzira.es\/wp-content\/uploads\/2019\/03\/IMG_4594.jpg\" alt=\"IMG 4594\" width=\"400\" height=\"300\" src=\"data:image\/svg+xml;base64,PHN2ZyB3aWR0aD0iMSIgaGVpZ2h0PSIxIiB4bWxucz0iaHR0cDovL3d3dy53My5vcmcvMjAwMC9zdmciPjwvc3ZnPg==\" style=\"--smush-placeholder-width: 400px; --smush-placeholder-aspect-ratio: 400\/300;\" \/><\/a><\/p>\n","protected":false},"excerpt":{"rendered":"<p>Alzira, 6 de marzo de 2019 &#8211; La m\u00e1quina de tren Mikado, situada al final de la avenida Luis Su\u00f1er, ya luce una imagen renovada, tras realizarse las tareas de mantenimiento y restauraci\u00f3n que estaban llevando a cabo. Las actuaciones de mejora han consistido en incorporar una base protectora para el material de hierro, adem\u00e1s &hellip; <\/p>\n<p class=\"link-more\"><a href=\"https:\/\/alzira.es\/es\/finalizan-las-tareas-de-mantenimiento-y-restauracion-de-la-maquina-de-tren-mikado-de-alzira\/\" class=\"more-link\">Continuar leyendo<span class=\"screen-reader-text\"> \u00abFinalizan las tareas de mantenimiento y restauraci\u00f3n de la m\u00e1quina de tren Mikado de Alzira\u00bb<\/span><\/a><\/p>\n","protected":false},"author":12,"featured_media":39409,"comment_status":"","ping_status":"","sticky":false,"template":"","format":"standard","meta":{"_acf_changed":false,"footnotes":""},"categories":[4936],"tags":[],"class_list":["post-39414","post","type-post","status-publish","format-standard","has-post-thumbnail","hentry","category-hemeroteca-es"],"acf":[],"_links":{"self":[{"href":"https:\/\/alzira.es\/es\/wp-json\/wp\/v2\/posts\/39414","targetHints":{"allow":["GET"]}}],"collection":[{"href":"https:\/\/alzira.es\/es\/wp-json\/wp\/v2\/posts"}],"about":[{"href":"https:\/\/alzira.es\/es\/wp-json\/wp\/v2\/types\/post"}],"author":[{"embeddable":true,"href":"https:\/\/alzira.es\/es\/wp-json\/wp\/v2\/users\/12"}],"replies":[{"embeddable":true,"href":"https:\/\/alzira.es\/es\/wp-json\/wp\/v2\/comments?post=39414"}],"version-history":[{"count":0,"href":"https:\/\/alzira.es\/es\/wp-json\/wp\/v2\/posts\/39414\/revisions"}],"wp:featuredmedia":[{"embeddable":true,"href":"https:\/\/alzira.es\/es\/wp-json\/wp\/v2\/media\/39409"}],"wp:attachment":[{"href":"https:\/\/alzira.es\/es\/wp-json\/wp\/v2\/media?parent=39414"}],"wp:term":[{"taxonomy":"category","embeddable":true,"href":"https:\/\/alzira.es\/es\/wp-json\/wp\/v2\/categories?post=39414"},{"taxonomy":"post_tag","embeddable":true,"href":"https:\/\/alzira.es\/es\/wp-json\/wp\/v2\/tags?post=39414"}],"curies":[{"name":"wp","href":"https:\/\/api.w.org\/{rel}","templated":true}]}}