{"id":39336,"date":"2019-03-05T14:35:17","date_gmt":"2019-03-05T13:35:17","guid":{"rendered":"https:\/\/alzira.es\/exposicio-art-i-natura-dones-creadores\/"},"modified":"2019-03-05T14:35:17","modified_gmt":"2019-03-05T13:35:17","slug":"exposicio-art-i-natura-dones-creadores","status":"publish","type":"post","link":"https:\/\/alzira.es\/es\/exposicio-art-i-natura-dones-creadores\/","title":{"rendered":"Exposici\u00f3 Art i natura. Dones Creadores"},"content":{"rendered":"<p>L&#8217;obra de quatre dones de reconeguda traject\u00f2ria professional amb diferents disciplines art\u00edstiques: Alba Fluix\u00e0, poesia; Carmen Montero, pintura; Elena Mart\u00ed, escultura; Eva Ripoll, fotografia. Comissariat: Sales Prats Garc\u00eda. Col.laboraci\u00f3 a l&#8217;inauguraci\u00f3 de la cantant Irene Med\u00e0n Sifre. 19.30 h Casa de la Cultura, sala 1. Es podr\u00e0 visitar fins el 30 de mar\u00e7. Entrada lliure. Regidories de Cultura, Medi Ambient i Pol\u00edtiques d&#8217;Igualtat.<a href=\"https:\/\/alzira.es\/wp-content\/uploads\/2019\/03\/53531825_2744683499089271_2487192900866146304_n.png\" target=\"_blank\" rel=\"noopener\"><img fetchpriority=\"high\" decoding=\"async\" class=\" size-full wp-image-39322\" style=\"display: block; margin-left: auto; margin-right: auto;\" title=\"Exposici\u00f3 Art i natura. Dones Creadores\" src=\"https:\/\/alzira.es\/wp-content\/uploads\/2019\/03\/53531825_2744683499089271_2487192900866146304_n.png\" alt=\"53531825 2744683499089271 2487192900866146304 n\" width=\"700\" height=\"525\" srcset=\"https:\/\/alzira.es\/wp-content\/uploads\/2019\/03\/53531825_2744683499089271_2487192900866146304_n.png 960w, https:\/\/alzira.es\/wp-content\/uploads\/2019\/03\/53531825_2744683499089271_2487192900866146304_n-680x510.png 680w, https:\/\/alzira.es\/wp-content\/uploads\/2019\/03\/53531825_2744683499089271_2487192900866146304_n-768x576.png 768w\" sizes=\"(max-width: 700px) 100vw, 700px\" \/><\/a><\/p>\n","protected":false},"excerpt":{"rendered":"<p>L&#8217;obra de quatre dones de reconeguda traject\u00f2ria professional amb diferents disciplines art\u00edstiques: Alba Fluix\u00e0, poesia; Carmen Montero, pintura; Elena Mart\u00ed, escultura; Eva Ripoll, fotografia. Comissariat: Sales Prats Garc\u00eda. Col.laboraci\u00f3 a l&#8217;inauguraci\u00f3 de la cantant Irene Med\u00e0n Sifre. 19.30 h Casa de la Cultura, sala 1. Es podr\u00e0 visitar fins el 30 de mar\u00e7. Entrada lliure. &hellip; <\/p>\n<p class=\"link-more\"><a href=\"https:\/\/alzira.es\/es\/exposicio-art-i-natura-dones-creadores\/\" class=\"more-link\">Continuar leyendo<span class=\"screen-reader-text\"> \u00abExposici\u00f3 Art i natura. Dones Creadores\u00bb<\/span><\/a><\/p>\n","protected":false},"author":12,"featured_media":39322,"comment_status":"","ping_status":"","sticky":false,"template":"","format":"standard","meta":{"_acf_changed":false,"footnotes":""},"categories":[],"tags":[],"class_list":["post-39336","post","type-post","status-publish","format-standard","has-post-thumbnail","hentry"],"acf":[],"_links":{"self":[{"href":"https:\/\/alzira.es\/es\/wp-json\/wp\/v2\/posts\/39336","targetHints":{"allow":["GET"]}}],"collection":[{"href":"https:\/\/alzira.es\/es\/wp-json\/wp\/v2\/posts"}],"about":[{"href":"https:\/\/alzira.es\/es\/wp-json\/wp\/v2\/types\/post"}],"author":[{"embeddable":true,"href":"https:\/\/alzira.es\/es\/wp-json\/wp\/v2\/users\/12"}],"replies":[{"embeddable":true,"href":"https:\/\/alzira.es\/es\/wp-json\/wp\/v2\/comments?post=39336"}],"version-history":[{"count":0,"href":"https:\/\/alzira.es\/es\/wp-json\/wp\/v2\/posts\/39336\/revisions"}],"wp:featuredmedia":[{"embeddable":true,"href":"https:\/\/alzira.es\/es\/wp-json\/wp\/v2\/media\/39322"}],"wp:attachment":[{"href":"https:\/\/alzira.es\/es\/wp-json\/wp\/v2\/media?parent=39336"}],"wp:term":[{"taxonomy":"category","embeddable":true,"href":"https:\/\/alzira.es\/es\/wp-json\/wp\/v2\/categories?post=39336"},{"taxonomy":"post_tag","embeddable":true,"href":"https:\/\/alzira.es\/es\/wp-json\/wp\/v2\/tags?post=39336"}],"curies":[{"name":"wp","href":"https:\/\/api.w.org\/{rel}","templated":true}]}}