{"id":39318,"date":"2019-03-05T13:59:42","date_gmt":"2019-03-05T12:59:42","guid":{"rendered":"https:\/\/alzira.es\/anulada-la-inauguracion-prevista-del-museo-fallero-por-convocatoria-de-elecciones\/"},"modified":"2019-03-05T13:59:42","modified_gmt":"2019-03-05T12:59:42","slug":"anulada-la-inauguracion-prevista-del-museo-fallero-por-convocatoria-de-elecciones","status":"publish","type":"post","link":"https:\/\/alzira.es\/es\/anulada-la-inauguracion-prevista-del-museo-fallero-por-convocatoria-de-elecciones\/","title":{"rendered":"Anulada la inauguraci\u00f3n prevista del Museo Fallero por convocatoria de elecciones"},"content":{"rendered":"<p style=\"text-align: justify;\"><strong><a href=\"https:\/\/alzira.es\/wp-content\/uploads\/2019\/03\/FB_IMG_1551788033644.jpg\" target=\"_blank\" rel=\"noopener\"><img fetchpriority=\"high\" decoding=\"async\" class=\" alignleft size-full wp-image-39316\" style=\"margin-right: 10px; float: left;\" title=\"Anulada la inauguraci\u00f3n prevista del Museo Fallero por convocatoria de elecciones\" src=\"https:\/\/alzira.es\/wp-content\/uploads\/2019\/03\/FB_IMG_1551788033644.jpg\" alt=\"FB IMG 1551788033644\" width=\"600\" height=\"450\" srcset=\"https:\/\/alzira.es\/wp-content\/uploads\/2019\/03\/FB_IMG_1551788033644.jpg 1280w, https:\/\/alzira.es\/wp-content\/uploads\/2019\/03\/FB_IMG_1551788033644-680x510.jpg 680w, https:\/\/alzira.es\/wp-content\/uploads\/2019\/03\/FB_IMG_1551788033644-768x576.jpg 768w\" sizes=\"(max-width: 600px) 100vw, 600px\" \/><\/a>Alzira, 5 de marzo de 2019.-<\/strong> Aunque el acto de inauguraci\u00f3n estaba previsto antes de la convocatoria de elecciones, una vez convocadas la ley es clara y nos proh\u00edbe realizar cualquier acto de estas caracter\u00edsticas, as\u00ed pues con el cumplimiento estricto de la LOREG se ha decidido anular.<\/p>\n<p style=\"text-align: justify;\">Las puertas del Museo Fallero se abrir\u00e1n a partir de la pr\u00f3xima semana para todo aquel que quiera visitar el espacio muse\u00edstico.<\/p>\n","protected":false},"excerpt":{"rendered":"<p>Alzira, 5 de marzo de 2019.- Aunque el acto de inauguraci\u00f3n estaba previsto antes de la convocatoria de elecciones, una vez convocadas la ley es clara y nos proh\u00edbe realizar cualquier acto de estas caracter\u00edsticas, as\u00ed pues con el cumplimiento estricto de la LOREG se ha decidido anular. Las puertas del Museo Fallero se abrir\u00e1n &hellip; <\/p>\n<p class=\"link-more\"><a href=\"https:\/\/alzira.es\/es\/anulada-la-inauguracion-prevista-del-museo-fallero-por-convocatoria-de-elecciones\/\" class=\"more-link\">Continuar leyendo<span class=\"screen-reader-text\"> \u00abAnulada la inauguraci\u00f3n prevista del Museo Fallero por convocatoria de elecciones\u00bb<\/span><\/a><\/p>\n","protected":false},"author":12,"featured_media":39316,"comment_status":"","ping_status":"","sticky":false,"template":"","format":"standard","meta":{"_acf_changed":false,"footnotes":""},"categories":[4936],"tags":[],"class_list":["post-39318","post","type-post","status-publish","format-standard","has-post-thumbnail","hentry","category-hemeroteca-es"],"acf":[],"_links":{"self":[{"href":"https:\/\/alzira.es\/es\/wp-json\/wp\/v2\/posts\/39318","targetHints":{"allow":["GET"]}}],"collection":[{"href":"https:\/\/alzira.es\/es\/wp-json\/wp\/v2\/posts"}],"about":[{"href":"https:\/\/alzira.es\/es\/wp-json\/wp\/v2\/types\/post"}],"author":[{"embeddable":true,"href":"https:\/\/alzira.es\/es\/wp-json\/wp\/v2\/users\/12"}],"replies":[{"embeddable":true,"href":"https:\/\/alzira.es\/es\/wp-json\/wp\/v2\/comments?post=39318"}],"version-history":[{"count":0,"href":"https:\/\/alzira.es\/es\/wp-json\/wp\/v2\/posts\/39318\/revisions"}],"wp:featuredmedia":[{"embeddable":true,"href":"https:\/\/alzira.es\/es\/wp-json\/wp\/v2\/media\/39316"}],"wp:attachment":[{"href":"https:\/\/alzira.es\/es\/wp-json\/wp\/v2\/media?parent=39318"}],"wp:term":[{"taxonomy":"category","embeddable":true,"href":"https:\/\/alzira.es\/es\/wp-json\/wp\/v2\/categories?post=39318"},{"taxonomy":"post_tag","embeddable":true,"href":"https:\/\/alzira.es\/es\/wp-json\/wp\/v2\/tags?post=39318"}],"curies":[{"name":"wp","href":"https:\/\/api.w.org\/{rel}","templated":true}]}}