{"id":39311,"date":"2019-03-05T12:24:19","date_gmt":"2019-03-05T11:24:19","guid":{"rendered":"https:\/\/alzira.es\/el-ayuntamiento-de-alzira-recupera-la-gestion-publica-de-las-escuelas-infantiles\/"},"modified":"2019-03-05T12:24:19","modified_gmt":"2019-03-05T11:24:19","slug":"el-ayuntamiento-de-alzira-recupera-la-gestion-publica-de-las-escuelas-infantiles","status":"publish","type":"post","link":"https:\/\/alzira.es\/es\/el-ayuntamiento-de-alzira-recupera-la-gestion-publica-de-las-escuelas-infantiles\/","title":{"rendered":"El Ayuntamiento de Alzira recupera la gesti\u00f3n p\u00fablica de las escuelas infantiles"},"content":{"rendered":"<p style=\"text-align: justify;\"><strong>Alzira, 5 de marzo de 2019.<\/strong> El concejal de Funci\u00f3n P\u00fablica y Organizaci\u00f3n, Iv\u00e1n Mart\u00ednez, se reuni\u00f3 con las trabajadoras del servicio de las guarder\u00edas municipales para informarles de la municipalizaci\u00f3n del servicio, ya que desde el 1 de marzo se asume de nuevo la gesti\u00f3n del servicio. En la reuni\u00f3n asisti\u00f3 tambi\u00e9n el Alcalde Diego G\u00f3mez, as\u00ed como Fernando Pascual, concejal de Servicios P\u00fablicos.<\/p>\n<p style=\"text-align: justify;\">El concejal responsable del \u00e1rea de Funci\u00f3n P\u00fablica ha declarado que <span style=\"font-size: 14.4px;\">\u00ab<\/span>Este es el cuarto servicio que hemos recuperado, tal y como nos hab\u00edamos comprometido, despu\u00e9s de Alzira Radio, las instalaciones deportivas municipales y la limpieza de edificios e instalaciones municipales. En todos los servicios revertidos ha habido una mejora de ingresos para el Ayuntamiento, de las condiciones laborales para los trabajadores y trabajadoras y de la satisfacci\u00f3n de la ciudadan\u00eda, en general\u00bb. Adem\u00e1s, a\u00f1ade Mart\u00ednez, \u00abva a suponer para las arcas municipales un ahorro de m\u00e1s del 70.000 \u20ac<span style=\"font-size: 14.4px;\">\u00bb<\/span>.<\/p>\n<p style=\"text-align: justify;\">Con el cuarto rescate 70 trabajadores pasan a ser municipales, de los cuales 18 son de las escuelas. Desde la concejal\u00eda se informa que se tiene previsto abrir una bolsa de trabajo para cubrir las posibles bajas.<\/p>\n<p style=\"text-align: center;\"><a href=\"https:\/\/alzira.es\/wp-content\/uploads\/2019\/03\/IMG-20190304-WA0008.jpg\" target=\"_blank\" rel=\"noopener\"><img fetchpriority=\"high\" decoding=\"async\" class=\" size-full wp-image-39304\" title=\"El Ayuntamiento de Alzira recupera la gesti\u00f3n p\u00fablica de las escuelas infantiles\" src=\"https:\/\/alzira.es\/wp-content\/uploads\/2019\/03\/IMG-20190304-WA0008.jpg\" alt=\"IMG-20190304-WA0008\" width=\"400\" height=\"300\" srcset=\"https:\/\/alzira.es\/wp-content\/uploads\/2019\/03\/IMG-20190304-WA0008.jpg 1600w, https:\/\/alzira.es\/wp-content\/uploads\/2019\/03\/IMG-20190304-WA0008-680x510.jpg 680w, https:\/\/alzira.es\/wp-content\/uploads\/2019\/03\/IMG-20190304-WA0008-1430x1072.jpg 1430w, https:\/\/alzira.es\/wp-content\/uploads\/2019\/03\/IMG-20190304-WA0008-768x576.jpg 768w, https:\/\/alzira.es\/wp-content\/uploads\/2019\/03\/IMG-20190304-WA0008-1536x1152.jpg 1536w\" sizes=\"(max-width: 400px) 100vw, 400px\" \/><\/a>&nbsp;<a href=\"https:\/\/alzira.es\/wp-content\/uploads\/2019\/03\/IMG-20190304-WA0009.jpg\" target=\"_blank\" rel=\"noopener\"><img decoding=\"async\" class=\"size-full wp-image-39307 lazyload\" title=\"El Ayuntamiento de Alzira recupera la gesti\u00f3n p\u00fablica de las escuelas infantiles\" data-src=\"https:\/\/alzira.es\/wp-content\/uploads\/2019\/03\/IMG-20190304-WA0009.jpg\" alt=\"IMG-20190304-WA0009\" width=\"400\" height=\"300\" data-srcset=\"https:\/\/alzira.es\/wp-content\/uploads\/2019\/03\/IMG-20190304-WA0009.jpg 1600w, https:\/\/alzira.es\/wp-content\/uploads\/2019\/03\/IMG-20190304-WA0009-680x510.jpg 680w, https:\/\/alzira.es\/wp-content\/uploads\/2019\/03\/IMG-20190304-WA0009-1430x1072.jpg 1430w, https:\/\/alzira.es\/wp-content\/uploads\/2019\/03\/IMG-20190304-WA0009-768x576.jpg 768w, https:\/\/alzira.es\/wp-content\/uploads\/2019\/03\/IMG-20190304-WA0009-1536x1152.jpg 1536w\" data-sizes=\"(max-width: 400px) 100vw, 400px\" src=\"data:image\/svg+xml;base64,PHN2ZyB3aWR0aD0iMSIgaGVpZ2h0PSIxIiB4bWxucz0iaHR0cDovL3d3dy53My5vcmcvMjAwMC9zdmciPjwvc3ZnPg==\" style=\"--smush-placeholder-width: 400px; --smush-placeholder-aspect-ratio: 400\/300;\" \/><\/a>&nbsp;<a href=\"https:\/\/alzira.es\/wp-content\/uploads\/2019\/03\/IMG-20190304-WA0010.jpg\" target=\"_blank\" rel=\"noopener\"><img decoding=\"async\" class=\"size-full wp-image-39309 lazyload\" title=\"El Ayuntamiento de Alzira recupera la gesti\u00f3n p\u00fablica de las escuelas infantiles\" data-src=\"https:\/\/alzira.es\/wp-content\/uploads\/2019\/03\/IMG-20190304-WA0010.jpg\" alt=\"IMG-20190304-WA0010\" width=\"400\" height=\"300\" data-srcset=\"https:\/\/alzira.es\/wp-content\/uploads\/2019\/03\/IMG-20190304-WA0010.jpg 1600w, https:\/\/alzira.es\/wp-content\/uploads\/2019\/03\/IMG-20190304-WA0010-680x510.jpg 680w, https:\/\/alzira.es\/wp-content\/uploads\/2019\/03\/IMG-20190304-WA0010-1430x1072.jpg 1430w, https:\/\/alzira.es\/wp-content\/uploads\/2019\/03\/IMG-20190304-WA0010-768x576.jpg 768w, https:\/\/alzira.es\/wp-content\/uploads\/2019\/03\/IMG-20190304-WA0010-1536x1152.jpg 1536w\" data-sizes=\"(max-width: 400px) 100vw, 400px\" src=\"data:image\/svg+xml;base64,PHN2ZyB3aWR0aD0iMSIgaGVpZ2h0PSIxIiB4bWxucz0iaHR0cDovL3d3dy53My5vcmcvMjAwMC9zdmciPjwvc3ZnPg==\" style=\"--smush-placeholder-width: 400px; --smush-placeholder-aspect-ratio: 400\/300;\" \/><\/a><\/p>\n","protected":false},"excerpt":{"rendered":"<p>Alzira, 5 de marzo de 2019. El concejal de Funci\u00f3n P\u00fablica y Organizaci\u00f3n, Iv\u00e1n Mart\u00ednez, se reuni\u00f3 con las trabajadoras del servicio de las guarder\u00edas municipales para informarles de la municipalizaci\u00f3n del servicio, ya que desde el 1 de marzo se asume de nuevo la gesti\u00f3n del servicio. En la reuni\u00f3n asisti\u00f3 tambi\u00e9n el Alcalde &hellip; <\/p>\n<p class=\"link-more\"><a href=\"https:\/\/alzira.es\/es\/el-ayuntamiento-de-alzira-recupera-la-gestion-publica-de-las-escuelas-infantiles\/\" class=\"more-link\">Continuar leyendo<span class=\"screen-reader-text\"> \u00abEl Ayuntamiento de Alzira recupera la gesti\u00f3n p\u00fablica de las escuelas infantiles\u00bb<\/span><\/a><\/p>\n","protected":false},"author":12,"featured_media":39305,"comment_status":"","ping_status":"","sticky":false,"template":"","format":"standard","meta":{"_acf_changed":false,"footnotes":""},"categories":[4936],"tags":[],"class_list":["post-39311","post","type-post","status-publish","format-standard","has-post-thumbnail","hentry","category-hemeroteca-es"],"acf":[],"_links":{"self":[{"href":"https:\/\/alzira.es\/es\/wp-json\/wp\/v2\/posts\/39311","targetHints":{"allow":["GET"]}}],"collection":[{"href":"https:\/\/alzira.es\/es\/wp-json\/wp\/v2\/posts"}],"about":[{"href":"https:\/\/alzira.es\/es\/wp-json\/wp\/v2\/types\/post"}],"author":[{"embeddable":true,"href":"https:\/\/alzira.es\/es\/wp-json\/wp\/v2\/users\/12"}],"replies":[{"embeddable":true,"href":"https:\/\/alzira.es\/es\/wp-json\/wp\/v2\/comments?post=39311"}],"version-history":[{"count":0,"href":"https:\/\/alzira.es\/es\/wp-json\/wp\/v2\/posts\/39311\/revisions"}],"wp:featuredmedia":[{"embeddable":true,"href":"https:\/\/alzira.es\/es\/wp-json\/wp\/v2\/media\/39305"}],"wp:attachment":[{"href":"https:\/\/alzira.es\/es\/wp-json\/wp\/v2\/media?parent=39311"}],"wp:term":[{"taxonomy":"category","embeddable":true,"href":"https:\/\/alzira.es\/es\/wp-json\/wp\/v2\/categories?post=39311"},{"taxonomy":"post_tag","embeddable":true,"href":"https:\/\/alzira.es\/es\/wp-json\/wp\/v2\/tags?post=39311"}],"curies":[{"name":"wp","href":"https:\/\/api.w.org\/{rel}","templated":true}]}}