{"id":39300,"date":"2019-03-05T12:13:45","date_gmt":"2019-03-05T11:13:45","guid":{"rendered":"https:\/\/alzira.es\/el-aparcamiento-de-la-zona-azul-en-alzira-vuelve-a-ser-gratuito-del-12-al-19-de-marzo\/"},"modified":"2019-03-05T12:13:45","modified_gmt":"2019-03-05T11:13:45","slug":"el-aparcamiento-de-la-zona-azul-en-alzira-vuelve-a-ser-gratuito-del-12-al-19-de-marzo","status":"publish","type":"post","link":"https:\/\/alzira.es\/es\/el-aparcamiento-de-la-zona-azul-en-alzira-vuelve-a-ser-gratuito-del-12-al-19-de-marzo\/","title":{"rendered":"El aparcamiento de la zona azul en Alzira vuelve a ser gratuito del 12 al 19 de marzo"},"content":{"rendered":"<p style=\"text-align: justify;\"><strong><a href=\"https:\/\/alzira.es\/wp-content\/uploads\/2019\/03\/Ora_-_Alzira.jpg\" target=\"_blank\" rel=\"noopener\"><img fetchpriority=\"high\" decoding=\"async\" class=\" alignleft size-full wp-image-39296\" style=\"margin-right: 10px; float: left;\" title=\"El aparcamiento de la zona azul en Alzira vuelve a ser gratuito del 12 al 19 de marzo\" src=\"https:\/\/alzira.es\/wp-content\/uploads\/2019\/03\/Ora_-_Alzira.jpg\" alt=\"Ora - Alzira\" width=\"462\" height=\"600\" srcset=\"https:\/\/alzira.es\/wp-content\/uploads\/2019\/03\/Ora_-_Alzira.jpg 1124w, https:\/\/alzira.es\/wp-content\/uploads\/2019\/03\/Ora_-_Alzira-393x510.jpg 393w, https:\/\/alzira.es\/wp-content\/uploads\/2019\/03\/Ora_-_Alzira-825x1072.jpg 825w, https:\/\/alzira.es\/wp-content\/uploads\/2019\/03\/Ora_-_Alzira-768x998.jpg 768w\" sizes=\"(max-width: 462px) 100vw, 462px\" \/><\/a>Alzira, 5 de marzo de 2019.<\/strong> Desde la Concejal\u00eda de Gesti\u00f3n Urban\u00edstica se quiere recordar tanto a todos los ciudadanos y ciudadanas como a los visitantes que la zona azul (ORA) estar\u00e1 inactiva durante los d\u00edas de Fallas. Concretamente ser\u00e1 gratuita desde el martes d\u00eda 12 hasta el 19 de marzo, en toda la ciudad.<\/p>\n<p style=\"text-align: justify;\">Fernando Pascual, concejal de Gesti\u00f3n Urban\u00edstica, recuerda que \u00abA\u00f1o tras a\u00f1o hemos conseguido mejorar el servicio de la zona azul (ORA) en toda la ciudad, reduciendo el n\u00famero de plazas y aumentando la gratuidad en fechas festivas importantes en la ciudad. Este a\u00f1o, y tambi\u00e9n para facilitar el aparcamiento libre durante todos los d\u00edas de Fallas, el aparcamiento ser\u00e1 gratuito del 12 al 19 de marzo. Somos una gran ciudad que recibe un gran n\u00famero de turistas durante la celebraci\u00f3n de nuestras fiestas Josefinas, y esta es una medida que beneficia mucho los usuarios de este servicio\u00bb.<\/p>\n","protected":false},"excerpt":{"rendered":"<p>Alzira, 5 de marzo de 2019. Desde la Concejal\u00eda de Gesti\u00f3n Urban\u00edstica se quiere recordar tanto a todos los ciudadanos y ciudadanas como a los visitantes que la zona azul (ORA) estar\u00e1 inactiva durante los d\u00edas de Fallas. Concretamente ser\u00e1 gratuita desde el martes d\u00eda 12 hasta el 19 de marzo, en toda la ciudad. &hellip; <\/p>\n<p class=\"link-more\"><a href=\"https:\/\/alzira.es\/es\/el-aparcamiento-de-la-zona-azul-en-alzira-vuelve-a-ser-gratuito-del-12-al-19-de-marzo\/\" class=\"more-link\">Continuar leyendo<span class=\"screen-reader-text\"> \u00abEl aparcamiento de la zona azul en Alzira vuelve a ser gratuito del 12 al 19 de marzo\u00bb<\/span><\/a><\/p>\n","protected":false},"author":12,"featured_media":39296,"comment_status":"","ping_status":"","sticky":false,"template":"","format":"standard","meta":{"_acf_changed":false,"footnotes":""},"categories":[4936],"tags":[],"class_list":["post-39300","post","type-post","status-publish","format-standard","has-post-thumbnail","hentry","category-hemeroteca-es"],"acf":[],"_links":{"self":[{"href":"https:\/\/alzira.es\/es\/wp-json\/wp\/v2\/posts\/39300","targetHints":{"allow":["GET"]}}],"collection":[{"href":"https:\/\/alzira.es\/es\/wp-json\/wp\/v2\/posts"}],"about":[{"href":"https:\/\/alzira.es\/es\/wp-json\/wp\/v2\/types\/post"}],"author":[{"embeddable":true,"href":"https:\/\/alzira.es\/es\/wp-json\/wp\/v2\/users\/12"}],"replies":[{"embeddable":true,"href":"https:\/\/alzira.es\/es\/wp-json\/wp\/v2\/comments?post=39300"}],"version-history":[{"count":0,"href":"https:\/\/alzira.es\/es\/wp-json\/wp\/v2\/posts\/39300\/revisions"}],"wp:featuredmedia":[{"embeddable":true,"href":"https:\/\/alzira.es\/es\/wp-json\/wp\/v2\/media\/39296"}],"wp:attachment":[{"href":"https:\/\/alzira.es\/es\/wp-json\/wp\/v2\/media?parent=39300"}],"wp:term":[{"taxonomy":"category","embeddable":true,"href":"https:\/\/alzira.es\/es\/wp-json\/wp\/v2\/categories?post=39300"},{"taxonomy":"post_tag","embeddable":true,"href":"https:\/\/alzira.es\/es\/wp-json\/wp\/v2\/tags?post=39300"}],"curies":[{"name":"wp","href":"https:\/\/api.w.org\/{rel}","templated":true}]}}