{"id":39276,"date":"2019-03-04T14:02:07","date_gmt":"2019-03-04T13:02:07","guid":{"rendered":"https:\/\/alzira.es\/el-ayuntamiento-de-alzira-solicita-mas-de-250-000-euros-para-que-90-personas-puedan-realizar-sus-practicas-formativas-en-la-ue\/"},"modified":"2019-03-04T14:02:07","modified_gmt":"2019-03-04T13:02:07","slug":"el-ayuntamiento-de-alzira-solicita-mas-de-250-000-euros-para-que-90-personas-puedan-realizar-sus-practicas-formativas-en-la-ue","status":"publish","type":"post","link":"https:\/\/alzira.es\/es\/el-ayuntamiento-de-alzira-solicita-mas-de-250-000-euros-para-que-90-personas-puedan-realizar-sus-practicas-formativas-en-la-ue\/","title":{"rendered":"El Ayuntamiento de Alzira solicita m\u00e1s de 250.000 euros para que 90 personas puedan realizar sus pr\u00e1cticas formativas en la UE"},"content":{"rendered":"<p style=\"text-align: justify;\"><strong><a href=\"https:\/\/alzira.es\/wp-content\/uploads\/2018\/10\/IMG_5175.jpg\" target=\"_blank\" rel=\"noopener\"><img fetchpriority=\"high\" decoding=\"async\" class=\" alignleft size-full wp-image-34555\" style=\"margin-right: 10px; float: left;\" title=\"El Ayuntamiento de Alzira solicita m\u00e1s de 250.000 euros para que 90 personas puedan realizar sus pr\u00e1cticas formativas en la UE\" src=\"https:\/\/alzira.es\/wp-content\/uploads\/2018\/10\/IMG_5175.jpg\" alt=\"IMG 5175\" width=\"600\" height=\"400\" \/><\/a>Alzira, 4 de marzo de 2019.<\/strong> El Ayuntamiento de Alzira, a trav\u00e9s de la concejal\u00eda de Desarrollo Econ\u00f3mico, Trabajo y Proyectos Europeos e IDEA, ha presentado al SEPIE (Servicio espa\u00f1ol para la internacionalizaci\u00f3n de la educaci\u00f3n), dentro del programa Erasmus +, un proyecto que contar\u00eda con una subvenci\u00f3n de 253.622 \u20ac para que 90 alumnos de los cursos de IDEA puedan realizar sus pr\u00e1cticas en Malta, Reino Unido, Italia e Irlanda.<\/p>\n<p style=\"text-align: justify;\">Una subvenci\u00f3n que, de ser aprobada, permitir\u00eda poner en marcha un proyecto de dos a\u00f1os y que comenzar\u00eda el pr\u00f3ximo 1 de junio de 2019 hasta el 31 de mayo de 2021. Estas pr\u00e1cticas en empresas en Malta, Reino Unido, Italia e Irlanda se ver\u00e1n complementadas a trav\u00e9s de unas becas que recibir\u00e1n los alumnos participantes en el proyecto para cubrir sus costes de desplazamiento, manutenci\u00f3n y alojamiento.<\/p>\n<p style=\"text-align: justify;\">Seg\u00fan declar\u00f3 Iv\u00e1n Mart\u00ednez, concejal responsable de la Oficina de Proyectos Europeos \u00abaprobarse el proyecto IDEA MOVES V &#8216;supondr\u00eda la quinta vez que el Ayuntamiento de Alzira obtendr\u00eda estos fondos para fomentar la formaci\u00f3n de sus estudiantes y alumnos de IDEA en el extranjero. Unas cifras que siguen aumentando, ya que la primera vez se cont\u00f3 con una subvenci\u00f3n de 20.000 euros y 4 plazas de pr\u00e1cticas en el extranjero frente a los 178.719 euros de subvenci\u00f3n y las 73 plazas disponibles de la \u00faltima edici\u00f3n de 2018\u00bb.<\/p>\n","protected":false},"excerpt":{"rendered":"<p>Alzira, 4 de marzo de 2019. El Ayuntamiento de Alzira, a trav\u00e9s de la concejal\u00eda de Desarrollo Econ\u00f3mico, Trabajo y Proyectos Europeos e IDEA, ha presentado al SEPIE (Servicio espa\u00f1ol para la internacionalizaci\u00f3n de la educaci\u00f3n), dentro del programa Erasmus +, un proyecto que contar\u00eda con una subvenci\u00f3n de 253.622 \u20ac para que 90 alumnos &hellip; <\/p>\n<p class=\"link-more\"><a href=\"https:\/\/alzira.es\/es\/el-ayuntamiento-de-alzira-solicita-mas-de-250-000-euros-para-que-90-personas-puedan-realizar-sus-practicas-formativas-en-la-ue\/\" class=\"more-link\">Continuar leyendo<span class=\"screen-reader-text\"> \u00abEl Ayuntamiento de Alzira solicita m\u00e1s de 250.000 euros para que 90 personas puedan realizar sus pr\u00e1cticas formativas en la UE\u00bb<\/span><\/a><\/p>\n","protected":false},"author":12,"featured_media":34555,"comment_status":"","ping_status":"","sticky":false,"template":"","format":"standard","meta":{"_acf_changed":false,"footnotes":""},"categories":[4936],"tags":[],"class_list":["post-39276","post","type-post","status-publish","format-standard","has-post-thumbnail","hentry","category-hemeroteca-es"],"acf":[],"_links":{"self":[{"href":"https:\/\/alzira.es\/es\/wp-json\/wp\/v2\/posts\/39276","targetHints":{"allow":["GET"]}}],"collection":[{"href":"https:\/\/alzira.es\/es\/wp-json\/wp\/v2\/posts"}],"about":[{"href":"https:\/\/alzira.es\/es\/wp-json\/wp\/v2\/types\/post"}],"author":[{"embeddable":true,"href":"https:\/\/alzira.es\/es\/wp-json\/wp\/v2\/users\/12"}],"replies":[{"embeddable":true,"href":"https:\/\/alzira.es\/es\/wp-json\/wp\/v2\/comments?post=39276"}],"version-history":[{"count":0,"href":"https:\/\/alzira.es\/es\/wp-json\/wp\/v2\/posts\/39276\/revisions"}],"wp:featuredmedia":[{"embeddable":true,"href":"https:\/\/alzira.es\/es\/wp-json\/wp\/v2\/media\/34555"}],"wp:attachment":[{"href":"https:\/\/alzira.es\/es\/wp-json\/wp\/v2\/media?parent=39276"}],"wp:term":[{"taxonomy":"category","embeddable":true,"href":"https:\/\/alzira.es\/es\/wp-json\/wp\/v2\/categories?post=39276"},{"taxonomy":"post_tag","embeddable":true,"href":"https:\/\/alzira.es\/es\/wp-json\/wp\/v2\/tags?post=39276"}],"curies":[{"name":"wp","href":"https:\/\/api.w.org\/{rel}","templated":true}]}}