{"id":39272,"date":"2019-03-04T13:05:54","date_gmt":"2019-03-04T12:05:54","guid":{"rendered":"https:\/\/alzira.es\/el-ayuntamiento-de-alzira-instalara-700-papeleras-de-carton-y-iglus-para-el-vidrio-para-reforzar-el-servicio-de-limpieza-durante-las-fiestas-de-fallas\/"},"modified":"2019-03-04T13:05:54","modified_gmt":"2019-03-04T12:05:54","slug":"el-ayuntamiento-de-alzira-instalara-700-papeleras-de-carton-y-iglus-para-el-vidrio-para-reforzar-el-servicio-de-limpieza-durante-las-fiestas-de-fallas","status":"publish","type":"post","link":"https:\/\/alzira.es\/es\/el-ayuntamiento-de-alzira-instalara-700-papeleras-de-carton-y-iglus-para-el-vidrio-para-reforzar-el-servicio-de-limpieza-durante-las-fiestas-de-fallas\/","title":{"rendered":"El Ayuntamiento de Alzira instalar\u00e1 700 papeleras de cart\u00f3n y igl\u00fas para el vidrio para reforzar el servicio de limpieza durante las fiestas de Fallas"},"content":{"rendered":"<p style=\"text-align: justify;\"><strong><a href=\"https:\/\/alzira.es\/wp-content\/uploads\/2019\/03\/Reciclatge_en_Falles.jpg\" target=\"_blank\" rel=\"noopener\"><img fetchpriority=\"high\" decoding=\"async\" width=\"600\" height=\"450\" class=\" alignleft size-full wp-image-39270\" style=\"margin-right: 10px; float: left;\" title=\"El Ayuntamiento de Alzira instalar\u00e1 700 papeleras de cart\u00f3n y igl\u00fas para el vidrio para reforzar el servicio de limpieza durante las fiestas de Fallas\" src=\"https:\/\/alzira.es\/wp-content\/uploads\/2019\/03\/Reciclatge_en_Falles.jpg\" alt=\"Reciclatge en Falles\" \/><\/a>Alzira, 4 de marzo de 2019 &#8211;<\/strong> La fiesta fallera ya est\u00e1 cerca y la ciudad debe estar preparada para recibir visitantes, turistas, falleros y falleras que disfrutar\u00e1n con intensidad de una semana llena de actos y actividades diversas que ofrece esta fiesta nuestra.<\/p>\n<p style=\"text-align: justify;\">Por lo cual, y desde la Concejal\u00eda de Gesti\u00f3n Urban\u00edstica, se han tomado medidas para acondicionar las calles y dar servicio al p\u00fablico en general, al tiempo que se refuerza el servicio de limpieza durante los d\u00edas de las fiestas de fallas con 700 papeleras distribuidas por toda la ciudad, as\u00ed como tambi\u00e9n los contenedores de vidrio espec\u00edficos para las comisiones falleras para que haya m\u00e1s facilidad para reciclar.&nbsp;<\/p>\n<p style=\"text-align: justify;\">Fernando Pascual, concejal de Gesti\u00f3n Urban\u00edstica, ha manifestado al respecto \u00abConscientes del numeroso p\u00fablico que llena las calles de nuestra ciudad durante las fiestas de Fallas, es necesario mantener los espacios p\u00fablicos en las mejores condiciones y velar por la comodidad en las calles. Por esa raz\u00f3n, preparamos la ciudad con los servicios necesarios, en este caso papeleras y contenedores, adem\u00e1s del refuerzo con el personal de limpieza de la empresa FCC\u00bb.<\/p>\n","protected":false},"excerpt":{"rendered":"<p>Alzira, 4 de marzo de 2019 &#8211; La fiesta fallera ya est\u00e1 cerca y la ciudad debe estar preparada para recibir visitantes, turistas, falleros y falleras que disfrutar\u00e1n con intensidad de una semana llena de actos y actividades diversas que ofrece esta fiesta nuestra. Por lo cual, y desde la Concejal\u00eda de Gesti\u00f3n Urban\u00edstica, se &hellip; <\/p>\n<p class=\"link-more\"><a href=\"https:\/\/alzira.es\/es\/el-ayuntamiento-de-alzira-instalara-700-papeleras-de-carton-y-iglus-para-el-vidrio-para-reforzar-el-servicio-de-limpieza-durante-las-fiestas-de-fallas\/\" class=\"more-link\">Continuar leyendo<span class=\"screen-reader-text\"> \u00abEl Ayuntamiento de Alzira instalar\u00e1 700 papeleras de cart\u00f3n y igl\u00fas para el vidrio para reforzar el servicio de limpieza durante las fiestas de Fallas\u00bb<\/span><\/a><\/p>\n","protected":false},"author":12,"featured_media":39270,"comment_status":"","ping_status":"","sticky":false,"template":"","format":"standard","meta":{"_acf_changed":false,"footnotes":""},"categories":[4936],"tags":[],"class_list":["post-39272","post","type-post","status-publish","format-standard","has-post-thumbnail","hentry","category-hemeroteca-es"],"acf":[],"_links":{"self":[{"href":"https:\/\/alzira.es\/es\/wp-json\/wp\/v2\/posts\/39272","targetHints":{"allow":["GET"]}}],"collection":[{"href":"https:\/\/alzira.es\/es\/wp-json\/wp\/v2\/posts"}],"about":[{"href":"https:\/\/alzira.es\/es\/wp-json\/wp\/v2\/types\/post"}],"author":[{"embeddable":true,"href":"https:\/\/alzira.es\/es\/wp-json\/wp\/v2\/users\/12"}],"replies":[{"embeddable":true,"href":"https:\/\/alzira.es\/es\/wp-json\/wp\/v2\/comments?post=39272"}],"version-history":[{"count":0,"href":"https:\/\/alzira.es\/es\/wp-json\/wp\/v2\/posts\/39272\/revisions"}],"wp:featuredmedia":[{"embeddable":true,"href":"https:\/\/alzira.es\/es\/wp-json\/wp\/v2\/media\/39270"}],"wp:attachment":[{"href":"https:\/\/alzira.es\/es\/wp-json\/wp\/v2\/media?parent=39272"}],"wp:term":[{"taxonomy":"category","embeddable":true,"href":"https:\/\/alzira.es\/es\/wp-json\/wp\/v2\/categories?post=39272"},{"taxonomy":"post_tag","embeddable":true,"href":"https:\/\/alzira.es\/es\/wp-json\/wp\/v2\/tags?post=39272"}],"curies":[{"name":"wp","href":"https:\/\/api.w.org\/{rel}","templated":true}]}}