{"id":39262,"date":"2019-03-01T12:57:24","date_gmt":"2019-03-01T11:57:24","guid":{"rendered":"https:\/\/alzira.es\/alzira-relanza-la-campana-del-tardeo\/"},"modified":"2019-03-01T12:57:24","modified_gmt":"2019-03-01T11:57:24","slug":"alzira-relanza-la-campana-del-tardeo","status":"publish","type":"post","link":"https:\/\/alzira.es\/es\/alzira-relanza-la-campana-del-tardeo\/","title":{"rendered":"Alzira relanza la campa\u00f1a del Tardeo"},"content":{"rendered":"<p style=\"text-align: justify;\"><strong><a href=\"https:\/\/alzira.es\/wp-content\/uploads\/2019\/03\/cartell_tardeo.png\" target=\"_blank\" rel=\"noopener\"><img fetchpriority=\"high\" decoding=\"async\" width=\"263\" height=\"332\" class=\" alignleft size-full wp-image-39253\" style=\"margin-right: 10px; float: left;\" title=\"Alzira relanza la campa\u00f1a del Tardeo\" src=\"https:\/\/alzira.es\/wp-content\/uploads\/2019\/03\/cartell_tardeo.png\" alt=\"cartell tardeo\" \/><\/a>Alzira, 1 de marzo de 2019.<\/strong> El Ayuntamiento de Alzira, a trav\u00e9s de la Concejal\u00eda de Desarrollo Econ\u00f3mico, Proyectos Europeos y Trabajo e IDEA, y con el objetivo de darle continuidad a la campa\u00f1a del Tardeo ha mantenido una reuni\u00f3n de coordinaci\u00f3n con la concejal\u00eda de seguridad ciudadana y con el sector de la hosteler\u00eda.<\/p>\n<p style=\"text-align: justify;\">Para Iv\u00e1n Mart\u00ednez Araque, \u00abes importante seguir apoyando y dinamizando aquellas actividades que estimulan la econom\u00eda local y generan riqueza. Por ello, el sector de la hosteler\u00eda es un sector fundamental\u00bb. Desde la concejal\u00eda, as\u00ed como desde el propio sector de la hosteler\u00eda, han valorado positivamente esta campa\u00f1a ya que ha servido para incentivar el ocio en la franja horaria de viernes por la tarde en nuestro municipio y la que acaban de adherirse 4 locales m\u00e1s.<\/p>\n<p style=\"text-align: justify;\">Para el concejal, el \u00e9xito se debe a la implicaci\u00f3n de cada uno de los locales que se han adherido as\u00ed como al propio Ayuntamiento \u00abque seguir\u00e1 apoyando esta iniciativa, que no s\u00f3lo ampl\u00eda la oferta gastron\u00f3mica sino que tambi\u00e9n pretende ir ampliandola con otros tipos de actividades como actuaciones musicales y otros. Por ello, es importante la colaboraci\u00f3n y la coordinaci\u00f3n de todos nosotros para evitar que estas actividades puedan generar malestar entre los vecinos y vecinas\u00bb.<\/p>\n<p style=\"text-align: justify;\">\u00abDesde el Ayuntamiento se van a facilitar nuevos materiales de difusi\u00f3n de la campa\u00f1a con vallas publicitarias y lonas, as\u00ed como anuncios en RENFE\u00bb, concluye Mart\u00ednez.<\/p>\n<p style=\"text-align: center;\"><a href=\"https:\/\/alzira.es\/wp-content\/uploads\/2019\/03\/20190301_094255.jpg\" target=\"_blank\" rel=\"noopener\"><img decoding=\"async\" class=\"size-full wp-image-39255 lazyload\" title=\"Alzira relanza la campa\u00f1a del Tardeo\" data-src=\"https:\/\/alzira.es\/wp-content\/uploads\/2019\/03\/20190301_094255.jpg\" alt=\"20190301 094255\" width=\"400\" height=\"300\" data-srcset=\"https:\/\/alzira.es\/wp-content\/uploads\/2019\/03\/20190301_094255.jpg 1200w, https:\/\/alzira.es\/wp-content\/uploads\/2019\/03\/20190301_094255-680x510.jpg 680w, https:\/\/alzira.es\/wp-content\/uploads\/2019\/03\/20190301_094255-768x576.jpg 768w\" data-sizes=\"(max-width: 400px) 100vw, 400px\" src=\"data:image\/svg+xml;base64,PHN2ZyB3aWR0aD0iMSIgaGVpZ2h0PSIxIiB4bWxucz0iaHR0cDovL3d3dy53My5vcmcvMjAwMC9zdmciPjwvc3ZnPg==\" style=\"--smush-placeholder-width: 400px; --smush-placeholder-aspect-ratio: 400\/300;\" \/><\/a>&nbsp;<a href=\"https:\/\/alzira.es\/wp-content\/uploads\/2019\/03\/20190301_094540.jpg\" target=\"_blank\" rel=\"noopener\"><img decoding=\"async\" class=\"size-full wp-image-39259 lazyload\" title=\"Alzira relanza la campa\u00f1a del Tardeo\" data-src=\"https:\/\/alzira.es\/wp-content\/uploads\/2019\/03\/20190301_094540.jpg\" alt=\"20190301 094540\" width=\"400\" height=\"300\" data-srcset=\"https:\/\/alzira.es\/wp-content\/uploads\/2019\/03\/20190301_094540.jpg 1200w, https:\/\/alzira.es\/wp-content\/uploads\/2019\/03\/20190301_094540-680x510.jpg 680w, https:\/\/alzira.es\/wp-content\/uploads\/2019\/03\/20190301_094540-768x576.jpg 768w\" data-sizes=\"(max-width: 400px) 100vw, 400px\" src=\"data:image\/svg+xml;base64,PHN2ZyB3aWR0aD0iMSIgaGVpZ2h0PSIxIiB4bWxucz0iaHR0cDovL3d3dy53My5vcmcvMjAwMC9zdmciPjwvc3ZnPg==\" style=\"--smush-placeholder-width: 400px; --smush-placeholder-aspect-ratio: 400\/300;\" \/><\/a><\/p>\n<p style=\"text-align: justify;\">&nbsp;<\/p>\n","protected":false},"excerpt":{"rendered":"<p>Alzira, 1 de marzo de 2019. El Ayuntamiento de Alzira, a trav\u00e9s de la Concejal\u00eda de Desarrollo Econ\u00f3mico, Proyectos Europeos y Trabajo e IDEA, y con el objetivo de darle continuidad a la campa\u00f1a del Tardeo ha mantenido una reuni\u00f3n de coordinaci\u00f3n con la concejal\u00eda de seguridad ciudadana y con el sector de la hosteler\u00eda. &hellip; <\/p>\n<p class=\"link-more\"><a href=\"https:\/\/alzira.es\/es\/alzira-relanza-la-campana-del-tardeo\/\" class=\"more-link\">Continuar leyendo<span class=\"screen-reader-text\"> \u00abAlzira relanza la campa\u00f1a del Tardeo\u00bb<\/span><\/a><\/p>\n","protected":false},"author":12,"featured_media":39253,"comment_status":"","ping_status":"","sticky":false,"template":"","format":"standard","meta":{"_acf_changed":false,"footnotes":""},"categories":[4936],"tags":[],"class_list":["post-39262","post","type-post","status-publish","format-standard","has-post-thumbnail","hentry","category-hemeroteca-es"],"acf":[],"_links":{"self":[{"href":"https:\/\/alzira.es\/es\/wp-json\/wp\/v2\/posts\/39262","targetHints":{"allow":["GET"]}}],"collection":[{"href":"https:\/\/alzira.es\/es\/wp-json\/wp\/v2\/posts"}],"about":[{"href":"https:\/\/alzira.es\/es\/wp-json\/wp\/v2\/types\/post"}],"author":[{"embeddable":true,"href":"https:\/\/alzira.es\/es\/wp-json\/wp\/v2\/users\/12"}],"replies":[{"embeddable":true,"href":"https:\/\/alzira.es\/es\/wp-json\/wp\/v2\/comments?post=39262"}],"version-history":[{"count":0,"href":"https:\/\/alzira.es\/es\/wp-json\/wp\/v2\/posts\/39262\/revisions"}],"wp:featuredmedia":[{"embeddable":true,"href":"https:\/\/alzira.es\/es\/wp-json\/wp\/v2\/media\/39253"}],"wp:attachment":[{"href":"https:\/\/alzira.es\/es\/wp-json\/wp\/v2\/media?parent=39262"}],"wp:term":[{"taxonomy":"category","embeddable":true,"href":"https:\/\/alzira.es\/es\/wp-json\/wp\/v2\/categories?post=39262"},{"taxonomy":"post_tag","embeddable":true,"href":"https:\/\/alzira.es\/es\/wp-json\/wp\/v2\/tags?post=39262"}],"curies":[{"name":"wp","href":"https:\/\/api.w.org\/{rel}","templated":true}]}}