{"id":39251,"date":"2019-03-01T12:22:42","date_gmt":"2019-03-01T11:22:42","guid":{"rendered":"https:\/\/alzira.es\/l-ajuntament-d-alzira-posa-en-valor-la-incorporacio-de-les-assemblees-ciutadanes-i-fa-balanc-dels-seus-quatre-anys\/"},"modified":"2019-03-01T12:22:42","modified_gmt":"2019-03-01T11:22:42","slug":"l-ajuntament-d-alzira-posa-en-valor-la-incorporacio-de-les-assemblees-ciutadanes-i-fa-balanc-dels-seus-quatre-anys","status":"publish","type":"post","link":"https:\/\/alzira.es\/es\/l-ajuntament-d-alzira-posa-en-valor-la-incorporacio-de-les-assemblees-ciutadanes-i-fa-balanc-dels-seus-quatre-anys\/","title":{"rendered":"L\u2019Ajuntament d\u2019Alzira posa en valor la incorporaci\u00f3 de les assemblees ciutadanes i fa balan\u00e7 dels seus quatre anys"},"content":{"rendered":"<p style=\"text-align: justify;\"><strong><a href=\"https:\/\/alzira.es\/wp-content\/uploads\/2019\/03\/Inma_Onrubia_Assamb.jpg\" target=\"_blank\" rel=\"noopener\"><img fetchpriority=\"high\" decoding=\"async\" width=\"300\" height=\"380\" class=\" alignleft size-full wp-image-39247\" style=\"margin-right: 10px; float: left;\" title=\"L\u2019Ajuntament d\u2019Alzira posa en valor la incorporaci\u00f3 de les assemblees ciutadanes i fa balan\u00e7 dels seus quatre anys\" src=\"https:\/\/alzira.es\/wp-content\/uploads\/2019\/03\/Inma_Onrubia_Assamb.jpg\" alt=\"Inma Onrubia Assamb\" \/><\/a>Alzira, 1 de mar\u00e7 de 2019 \u2013 <\/strong>Amb la celebraci\u00f3 el proper dilluns 4 de mar\u00e7 de l&#8217;\u00faltima assemblea ciutadana que tanca este exercici (legislatura), des de la Regidoria de Participaci\u00f3 Ciutadana es fa balan\u00e7 de les assemblees que nasqueren amb el ferm prop\u00f2sit de fer part\u00edcip la ciutadania, acostar l&#8217;Ajuntament als ve\u00efns i ve\u00efnes per tal que pogueren transmetre les seues inquietuds de m\u00e9s a prop i fer-se escoltar.<\/p>\n<p style=\"text-align: justify;\">Inma Onrubia, regidora responsable de l&#8217;\u00e0rea, va participar activament en la modificaci\u00f3 de la Carta de Participaci\u00f3 Ciutadana, en qu\u00e8 es van incloure la celebraci\u00f3 d&#8217;assemblees ciutadanes, que s&#8217;iniciaren a l&#8217;octubre de 2015 i se celebraven una hora abans de cada sessi\u00f3 plen\u00e0ria i, posteriorment, al 2017, passaren a ser itinerants, \u00e9s a dir, van visitar diversos barris de la ciutat, amb la qual cosa s&#8217;acostava m\u00e9s encara l&#8217;Ajuntament al ve\u00efnat. Dins dels objectius marcats amb la celebraci\u00f3 de les assemblees ciutadanes est\u00e0 ser plurals, transparents i participatius. \u00abEls ve\u00efns i ve\u00efnes d&#8217;Alzira deuen ser una part activa del treball que es realitza en la ciutat, des de la presa de decisions fins a poder aportar idees, suggeriments i projectes que ajuden a revitalitzar i fer m\u00e9s agradable la conviv\u00e8ncia i el dia a dia a Alzira\u00bb, aix\u00ed ho manifestava Inmaculada Onrubia.<\/p>\n<p style=\"text-align: justify;\">Han sigut molts i diversos el temes i q\u00fcestions que s&#8217;han tractat en les nombroses assemblees celebrades, per\u00f2 cal destacar les relacionades amb la Policia Local, seguit del Departament de Gesti\u00f3 Urban\u00edstica i Serveis P\u00fablics, Medi Ambient, Projectes i Infraestructures, Educaci\u00f3, Festes, Esports, Sanitat i Intervenci\u00f3 en menor escala. Respecte a la participaci\u00f3 i les consultes, s&#8217;observa un augment gradual anual, en el qual s&#8217;han fet consultes de q\u00fcestions sempre relacionades amb la millora de la ciutat i la seua conviv\u00e8ncia, com el condicionament de carrers, la seguretat, les l\u00ednies del bus urb\u00e0, la celebraci\u00f3 de festes, el civisme i bon comportament del ve\u00efnat als parcs i jardins, entre altres aspectes als quals s&#8217;ha donat resposta.<\/p>\n<p style=\"text-align: justify;\">La regidora, Inma Onrubia, conclou dient: \u00abA hores d&#8217;ara, i fent balan\u00e7 dels quasi quatre anys d&#8217;assemblees ciutadanes, hem de mostrar la nostra satisfacci\u00f3 per la resposta de la ciutadania en cadascun dels barris que hem visitat, pel respecte i la toler\u00e0ncia que han demostrat i per la seua implicaci\u00f3 i preocupaci\u00f3 cap a la nostra ciutat. Tamb\u00e9 hem de recordar que, per donar amplitud i diversitat, en totes les AACC hem comptat amb l&#8217;assist\u00e8ncia d&#8217;un int\u00e8rpret de llenguatge de signes. Gr\u00e0cies a tots els que d&#8217;una manera o altra haveu contribu\u00eft a la celebraci\u00f3 i compliment de les assemblees ciutadanes\u00bb.<\/p>\n<p style=\"text-align: justify;\"><strong>&nbsp;<\/strong><\/p>\n","protected":false},"excerpt":{"rendered":"<p>Alzira, 1 de mar\u00e7 de 2019 \u2013 Amb la celebraci\u00f3 el proper dilluns 4 de mar\u00e7 de l&#8217;\u00faltima assemblea ciutadana que tanca este exercici (legislatura), des de la Regidoria de Participaci\u00f3 Ciutadana es fa balan\u00e7 de les assemblees que nasqueren amb el ferm prop\u00f2sit de fer part\u00edcip la ciutadania, acostar l&#8217;Ajuntament als ve\u00efns i ve\u00efnes &hellip; <\/p>\n<p class=\"link-more\"><a href=\"https:\/\/alzira.es\/es\/l-ajuntament-d-alzira-posa-en-valor-la-incorporacio-de-les-assemblees-ciutadanes-i-fa-balanc-dels-seus-quatre-anys\/\" class=\"more-link\">Continuar leyendo<span class=\"screen-reader-text\"> \u00abL\u2019Ajuntament d\u2019Alzira posa en valor la incorporaci\u00f3 de les assemblees ciutadanes i fa balan\u00e7 dels seus quatre anys\u00bb<\/span><\/a><\/p>\n","protected":false},"author":12,"featured_media":39247,"comment_status":"","ping_status":"","sticky":false,"template":"","format":"standard","meta":{"_acf_changed":false,"footnotes":""},"categories":[],"tags":[],"class_list":["post-39251","post","type-post","status-publish","format-standard","has-post-thumbnail","hentry"],"acf":[],"_links":{"self":[{"href":"https:\/\/alzira.es\/es\/wp-json\/wp\/v2\/posts\/39251","targetHints":{"allow":["GET"]}}],"collection":[{"href":"https:\/\/alzira.es\/es\/wp-json\/wp\/v2\/posts"}],"about":[{"href":"https:\/\/alzira.es\/es\/wp-json\/wp\/v2\/types\/post"}],"author":[{"embeddable":true,"href":"https:\/\/alzira.es\/es\/wp-json\/wp\/v2\/users\/12"}],"replies":[{"embeddable":true,"href":"https:\/\/alzira.es\/es\/wp-json\/wp\/v2\/comments?post=39251"}],"version-history":[{"count":0,"href":"https:\/\/alzira.es\/es\/wp-json\/wp\/v2\/posts\/39251\/revisions"}],"wp:featuredmedia":[{"embeddable":true,"href":"https:\/\/alzira.es\/es\/wp-json\/wp\/v2\/media\/39247"}],"wp:attachment":[{"href":"https:\/\/alzira.es\/es\/wp-json\/wp\/v2\/media?parent=39251"}],"wp:term":[{"taxonomy":"category","embeddable":true,"href":"https:\/\/alzira.es\/es\/wp-json\/wp\/v2\/categories?post=39251"},{"taxonomy":"post_tag","embeddable":true,"href":"https:\/\/alzira.es\/es\/wp-json\/wp\/v2\/tags?post=39251"}],"curies":[{"name":"wp","href":"https:\/\/api.w.org\/{rel}","templated":true}]}}