{"id":39249,"date":"2019-03-01T12:22:42","date_gmt":"2019-03-01T11:22:42","guid":{"rendered":"https:\/\/alzira.es\/el-ayuntamiento-de-alzira-pone-en-valor-la-incorporacion-de-las-asambleas-ciudadanas-y-hace-balance-de-sus-cuatro-anos\/"},"modified":"2019-03-01T12:22:42","modified_gmt":"2019-03-01T11:22:42","slug":"el-ayuntamiento-de-alzira-pone-en-valor-la-incorporacion-de-las-asambleas-ciudadanas-y-hace-balance-de-sus-cuatro-anos","status":"publish","type":"post","link":"https:\/\/alzira.es\/es\/el-ayuntamiento-de-alzira-pone-en-valor-la-incorporacion-de-las-asambleas-ciudadanas-y-hace-balance-de-sus-cuatro-anos\/","title":{"rendered":"El Ayuntamiento de Alzira pone en valor la incorporaci\u00f3n de las asambleas ciudadanas y hace balance de sus cuatro a\u00f1os"},"content":{"rendered":"<p style=\"text-align: justify;\"><strong><a href=\"https:\/\/alzira.es\/wp-content\/uploads\/2019\/03\/Inma_Onrubia_Assamb.jpg\" target=\"_blank\" rel=\"noopener\"><img fetchpriority=\"high\" decoding=\"async\" width=\"300\" height=\"380\" class=\" alignleft size-full wp-image-39247\" style=\"margin-right: 10px; float: left;\" title=\"El Ayuntamiento de Alzira pone en valor la incorporaci\u00f3n de las asambleas ciudadanas y hace balance de sus cuatro a\u00f1os\" src=\"https:\/\/alzira.es\/wp-content\/uploads\/2019\/03\/Inma_Onrubia_Assamb.jpg\" alt=\"Inma Onrubia Assamb\" \/><\/a>Alzira, 1 de marzo de 2019 &#8211;<\/strong> Con la celebraci\u00f3n el pr\u00f3ximo lunes 4 de marzo de la \u00faltima asamblea ciudadana que cierra este ejercicio (legislatura), desde la Concejal\u00eda de Participaci\u00f3n Ciudadana se hace balance de las asambleas que nacieron con el firme prop\u00f3sito hacer part\u00edcipe a la ciudadan\u00eda, acercar el Ayuntamiento a los vecinos y vecinas para que pudieran transmitir sus inquietudes m\u00e1s de cerca y hacerse escuchar.<\/p>\n<p style=\"text-align: justify;\">Inma Onrubia, concejala responsable del \u00e1rea, particip\u00f3 activamente en la modificaci\u00f3n de la Carta de Participaci\u00f3n Ciudadana, en el que se incluyeron la celebraci\u00f3n de asambleas ciudadanas, que se iniciaron en octubre de 2015 y se celebraban una hora antes de cada sesi\u00f3n plenaria y, posteriormente, en el 2017, pasaron a ser itinerantes, es decir, visitaron varios barrios de la ciudad, con lo que se acercaba m\u00e1s a\u00fan el Ayuntamiento al vecindario. Dentro de los objetivos marcados con la celebraci\u00f3n de las asambleas ciudadanas est\u00e1 ser plurales, transparentes y participativos. \u00abLos vecinos y vecinas de Alzira deben ser una parte activa del trabajo que se realiza en la ciudad, desde la toma de decisiones hasta poder aportar ideas, sugerencias y proyectos que ayudan a revitalizar y hacer m\u00e1s agradable la convivencia y el d\u00eda a d\u00eda en Alzira\u00bb, as\u00ed lo manifestaba Inmaculada Onrubia.<\/p>\n<p style=\"text-align: justify;\">Han sido muchos y diversos los temas y cuestiones que se han tratado en las numerosas asambleas celebradas, pero cabe destacar las relacionadas con la Polic\u00eda Local, seguido del Departamento de Gesti\u00f3n Urban\u00edstica y Servicios P\u00fablicos, Medio Ambiente, Proyectos e Infraestructuras, Educaci\u00f3n, Fiestas, Deportes, Sanidad e Intervenci\u00f3n en menor escala. Respecto a la participaci\u00f3n y las consultas, se observa un aumento gradual anual, en el que se han hecho consultas de cuestiones siempre relacionadas con la mejora de la ciudad y su convivencia, como el acondicionamiento de calles, la seguridad, las l\u00edneas del bus urbano, la celebraci\u00f3n de fiestas, el civismo y buen comportamiento del vecindario en los parques y jardines, entre otros aspectos a los que se ha dado respuesta.<\/p>\n<p style=\"text-align: justify;\">La concejala, Inma Onrubia, concluye diciendo \u00abA estas alturas, y haciendo balance de los casi cuatro a\u00f1os de asambleas ciudadanas, debemos mostrar nuestra satisfacci\u00f3n por la respuesta de la ciudadan\u00eda en cada uno de los barrios que hemos visitado, por el respeto y la tolerancia que han demostrado y por su implicaci\u00f3n y preocupaci\u00f3n hacia nuestra ciudad. Tambi\u00e9n debemos recordar que, para dar amplitud y diversidad, en todas las AACC hemos contado con la asistencia de un int\u00e9rprete de lenguaje de signos. Gracias a todos los que de una manera u otra hab\u00e9is contribuido a la celebraci\u00f3n y cumplimiento de las asambleas ciudadanas\u00bb.<\/p>\n","protected":false},"excerpt":{"rendered":"<p>Alzira, 1 de marzo de 2019 &#8211; Con la celebraci\u00f3n el pr\u00f3ximo lunes 4 de marzo de la \u00faltima asamblea ciudadana que cierra este ejercicio (legislatura), desde la Concejal\u00eda de Participaci\u00f3n Ciudadana se hace balance de las asambleas que nacieron con el firme prop\u00f3sito hacer part\u00edcipe a la ciudadan\u00eda, acercar el Ayuntamiento a los vecinos &hellip; <\/p>\n<p class=\"link-more\"><a href=\"https:\/\/alzira.es\/es\/el-ayuntamiento-de-alzira-pone-en-valor-la-incorporacion-de-las-asambleas-ciudadanas-y-hace-balance-de-sus-cuatro-anos\/\" class=\"more-link\">Continuar leyendo<span class=\"screen-reader-text\"> \u00abEl Ayuntamiento de Alzira pone en valor la incorporaci\u00f3n de las asambleas ciudadanas y hace balance de sus cuatro a\u00f1os\u00bb<\/span><\/a><\/p>\n","protected":false},"author":12,"featured_media":39247,"comment_status":"","ping_status":"","sticky":false,"template":"","format":"standard","meta":{"_acf_changed":false,"footnotes":""},"categories":[4936],"tags":[],"class_list":["post-39249","post","type-post","status-publish","format-standard","has-post-thumbnail","hentry","category-hemeroteca-es"],"acf":[],"_links":{"self":[{"href":"https:\/\/alzira.es\/es\/wp-json\/wp\/v2\/posts\/39249","targetHints":{"allow":["GET"]}}],"collection":[{"href":"https:\/\/alzira.es\/es\/wp-json\/wp\/v2\/posts"}],"about":[{"href":"https:\/\/alzira.es\/es\/wp-json\/wp\/v2\/types\/post"}],"author":[{"embeddable":true,"href":"https:\/\/alzira.es\/es\/wp-json\/wp\/v2\/users\/12"}],"replies":[{"embeddable":true,"href":"https:\/\/alzira.es\/es\/wp-json\/wp\/v2\/comments?post=39249"}],"version-history":[{"count":0,"href":"https:\/\/alzira.es\/es\/wp-json\/wp\/v2\/posts\/39249\/revisions"}],"wp:featuredmedia":[{"embeddable":true,"href":"https:\/\/alzira.es\/es\/wp-json\/wp\/v2\/media\/39247"}],"wp:attachment":[{"href":"https:\/\/alzira.es\/es\/wp-json\/wp\/v2\/media?parent=39249"}],"wp:term":[{"taxonomy":"category","embeddable":true,"href":"https:\/\/alzira.es\/es\/wp-json\/wp\/v2\/categories?post=39249"},{"taxonomy":"post_tag","embeddable":true,"href":"https:\/\/alzira.es\/es\/wp-json\/wp\/v2\/tags?post=39249"}],"curies":[{"name":"wp","href":"https:\/\/api.w.org\/{rel}","templated":true}]}}