{"id":39243,"date":"2019-03-01T10:58:38","date_gmt":"2019-03-01T09:58:38","guid":{"rendered":"https:\/\/alzira.es\/inscripcion-para-las-pruebas-de-la-jqcv\/"},"modified":"2019-03-01T10:58:38","modified_gmt":"2019-03-01T09:58:38","slug":"inscripcion-para-las-pruebas-de-la-jqcv","status":"publish","type":"post","link":"https:\/\/alzira.es\/es\/inscripcion-para-las-pruebas-de-la-jqcv\/","title":{"rendered":"Inscripci\u00f3n para las pruebas de la JQCV"},"content":{"rendered":"<p>A2, B1, C1 I LLENGUATGES ESPEC\u00cdFICS desde el 25 de marzo hasta el 8 de abril de 2019.<img fetchpriority=\"high\" decoding=\"async\" width=\"700\" height=\"466\" class=\" alignright size-full wp-image-39239\" style=\"margin-left: 10px; float: right;\" title=\"Inscripci\u00f3n para las pruebas de la JQCV\" src=\"https:\/\/alzira.es\/wp-content\/uploads\/2019\/03\/JQCV_logo.jpg\" alt=\"JQCV logo\" srcset=\"https:\/\/alzira.es\/wp-content\/uploads\/2019\/03\/JQCV_logo.jpg 700w, https:\/\/alzira.es\/wp-content\/uploads\/2019\/03\/JQCV_logo-680x453.jpg 680w\" sizes=\"(max-width: 700px) 100vw, 700px\" \/><\/p>\n<p>B2 I C2 desde el 2 de septiembre hasta el 16 de septiembre de 2019.<\/p>\n<p>M\u00e1s informaci\u00f3n <a href=\"http:\/\/www.dogv.gva.es\/datos\/2019\/03\/01\/pdf\/2019_2070.pdf\" target=\"_blank\" rel=\"noopener\"><strong>aqu\u00ed<\/strong><\/a><\/p>\n<p><strong>CALENDARIO DE LAS PRUEBAS<\/strong><\/p>\n<p><strong><span style=\"color: #ff0000;\">C1<\/span><\/strong><\/p>\n<p>1 de junio<\/p>\n<p>CE\/EL\/EIO<\/p>\n<p><span style=\"color: #ff0000;\"><strong>B1<\/strong><\/span><\/p>\n<p>8 de junio<\/p>\n<p>CO\/CE\/EL\/EE\/EIO<\/p>\n<p><span style=\"color: #ff0000;\"><strong>A2<\/strong><\/span><\/p>\n<p>15 de junio<\/p>\n<p>CO\/CE\/EE\/EIO<\/p>\n<p><span style=\"color: #ff0000;\"><strong>C1<\/strong><\/span><\/p>\n<p>15 de junio<\/p>\n<p>EE<\/p>\n<p><span style=\"color: #ff0000;\"><strong>Llenguatge Administratiu<\/strong><\/span><\/p>\n<p>1 de junio<\/p>\n<p><span style=\"color: #ff0000;\"><strong>Llenguatge als Mitjans de Comunicaci\u00f3<\/strong><\/span><\/p>\n<p>8 de junio<\/p>\n<p><span style=\"color: #ff0000;\"><strong>Correcci\u00f3 de Textos<\/strong><\/span><\/p>\n<p>15 de junio<\/p>\n<p><span style=\"color: #ff0000;\"><strong>C2<\/strong><\/span><\/p>\n<p>26 de octubre<\/p>\n<p>CE\/EL\/EIO<\/p>\n<p><span style=\"color: #ff0000;\"><strong>B2<\/strong><\/span><\/p>\n<p>9 de noviembre<\/p>\n<p>CO\/CE\/EL\/EE\/EIO<\/p>\n<p><span style=\"color: #ff0000;\"><strong>C2<\/strong><\/span><\/p>\n<p>16 de noviembre<\/p>\n<p>EE<\/p>\n<p><span style=\"color: #993366;\"><strong>CO:<\/strong><\/span> \u00c0rea de Comprensi\u00f3 Oral<br \/><span style=\"color: #993366;\"><strong>CE:<\/strong><\/span> \u00c0rea de Comprensi\u00f3 Escrita<br \/><span style=\"color: #993366;\"><strong>EE:<\/strong><\/span> \u00c0rea d&#8217;Expressi\u00f3 Escrita<br \/><span style=\"color: #993366;\"><strong>EL:<\/strong><\/span> \u00c0rea d&#8217;Estructures Ling\u00fc\u00edstiques<br \/><span style=\"color: #993366;\"><strong>EIO:<\/strong><\/span> \u00c0rea d&#8217;Expressi\u00f3 i Interacci\u00f3 Orals<\/p>\n","protected":false},"excerpt":{"rendered":"<p>A2, B1, C1 I LLENGUATGES ESPEC\u00cdFICS desde el 25 de marzo hasta el 8 de abril de 2019. B2 I C2 desde el 2 de septiembre hasta el 16 de septiembre de 2019. M\u00e1s informaci\u00f3n aqu\u00ed CALENDARIO DE LAS PRUEBAS C1 1 de junio CE\/EL\/EIO B1 8 de junio CO\/CE\/EL\/EE\/EIO A2 15 de junio CO\/CE\/EE\/EIO &hellip; <\/p>\n<p class=\"link-more\"><a href=\"https:\/\/alzira.es\/es\/inscripcion-para-las-pruebas-de-la-jqcv\/\" class=\"more-link\">Continuar leyendo<span class=\"screen-reader-text\"> \u00abInscripci\u00f3n para las pruebas de la JQCV\u00bb<\/span><\/a><\/p>\n","protected":false},"author":12,"featured_media":39239,"comment_status":"","ping_status":"","sticky":false,"template":"","format":"standard","meta":{"_acf_changed":false,"footnotes":""},"categories":[4936],"tags":[],"class_list":["post-39243","post","type-post","status-publish","format-standard","has-post-thumbnail","hentry","category-hemeroteca-es"],"acf":[],"_links":{"self":[{"href":"https:\/\/alzira.es\/es\/wp-json\/wp\/v2\/posts\/39243","targetHints":{"allow":["GET"]}}],"collection":[{"href":"https:\/\/alzira.es\/es\/wp-json\/wp\/v2\/posts"}],"about":[{"href":"https:\/\/alzira.es\/es\/wp-json\/wp\/v2\/types\/post"}],"author":[{"embeddable":true,"href":"https:\/\/alzira.es\/es\/wp-json\/wp\/v2\/users\/12"}],"replies":[{"embeddable":true,"href":"https:\/\/alzira.es\/es\/wp-json\/wp\/v2\/comments?post=39243"}],"version-history":[{"count":0,"href":"https:\/\/alzira.es\/es\/wp-json\/wp\/v2\/posts\/39243\/revisions"}],"wp:featuredmedia":[{"embeddable":true,"href":"https:\/\/alzira.es\/es\/wp-json\/wp\/v2\/media\/39239"}],"wp:attachment":[{"href":"https:\/\/alzira.es\/es\/wp-json\/wp\/v2\/media?parent=39243"}],"wp:term":[{"taxonomy":"category","embeddable":true,"href":"https:\/\/alzira.es\/es\/wp-json\/wp\/v2\/categories?post=39243"},{"taxonomy":"post_tag","embeddable":true,"href":"https:\/\/alzira.es\/es\/wp-json\/wp\/v2\/tags?post=39243"}],"curies":[{"name":"wp","href":"https:\/\/api.w.org\/{rel}","templated":true}]}}