{"id":39223,"date":"2019-02-28T15:07:41","date_gmt":"2019-02-28T14:07:41","guid":{"rendered":"https:\/\/alzira.es\/alzira-se-adhiere-a-la-campana-especial-de-vigilancia-truck-and-bus-de-la-dgt\/"},"modified":"2019-02-28T15:07:41","modified_gmt":"2019-02-28T14:07:41","slug":"alzira-se-adhiere-a-la-campana-especial-de-vigilancia-truck-and-bus-de-la-dgt","status":"publish","type":"post","link":"https:\/\/alzira.es\/es\/alzira-se-adhiere-a-la-campana-especial-de-vigilancia-truck-and-bus-de-la-dgt\/","title":{"rendered":"Alzira se adhiere a la campa\u00f1a especial de vigilancia \u00abTruck and bus\u00bb de la DGT"},"content":{"rendered":"<p style=\"text-align: justify;\"><strong>Alzira, 28 de febrero de 2018.-<\/strong> La <span style=\"font-size: 14.4px;\">semana&nbsp;<\/span>pasada tuvo lugar la acci\u00f3n de vigilancia de camiones y autobuses llevada a cabo por la Polic\u00eda Local dentro de las campa\u00f1as y operaciones de vigilancia y control para el a\u00f1o 2019 de la Direcci\u00f3n general de Tr\u00e1fico.<\/p>\n<p style=\"text-align: justify;\">Entre los d\u00edas 18 y 24 de febrero se hizo un control de un total de 78 veh\u00edculos de estas caracter\u00edsticas en la ciudad de Alzira, de los que se detectaron 12 casos de incumplimiento, la mayor\u00eda por deficiencias t\u00e9cnicas del veh\u00edculo. En todos los casos, los agentes informaron a los conductores del motivo de la campa\u00f1a antes de hacer el control.<\/p>\n<p style=\"text-align: justify;\">Se debe tener en cuenta que la conducci\u00f3n de estos veh\u00edculos supone un comportamiento din\u00e1mico diferente, sobre todo si va cargado. En particular, la sujeci\u00f3n de la carga es vital, cualquier desplazamiento de esta incide sobre la estabilidad del veh\u00edculo por desplazamiento del centro de gravedad. Entre este tipo de veh\u00edculos es m\u00e1s alta la incidencia de salida de la v\u00eda y vuelcos, que puede explicarse por la excesiva o mala cololocaci\u00f3n de la carga.<\/p>\n<p style=\"text-align: justify;\">\u00abNuestro compromiso con la seguridad pasa por llevar a cabo acciones de control que garanticen las buenas condiciones del parque m\u00f3vil. Trabajamos conjuntamente con la DGT para conseguir una ciudad m\u00e1s segura y saludable\u00bb.<\/p>\n<p style=\"text-align: justify;\">El Ayuntamiento de Alzira manifest\u00f3 la adhesi\u00f3n a la Campa\u00f1a a la Direcci\u00f3n Provincial de Tr\u00e1fico y de la misma manera ha informado sobre los resultados que en ella se han obtenido y ha remitido los resultados detallados de la acci\u00f3n.<\/p>\n<p style=\"text-align: justify;\"><strong>Justificaci\u00f3n de la campa\u00f1a<\/strong><br \/>A pesar de que el 68% del parque de veh\u00edculos en nuestro pa\u00eds son turismos, el transporte de mercanc\u00edas (camiones y furgonetas) tiene un peso importante en cuanto a seguridad vial, ya que representa el segundo tipo de veh\u00edculos m\u00e1s numeroso que circula por nuestras carreteras (14% del total del parque) y est\u00e1n implicados en el 16% de los accidentes con v\u00edctimas ocurridos en 2017. El parque de autobuses representa alrededor del 1% del total del parque automovil\u00edstico, estando implicados en el 2 % de los accidentes con v\u00edctimas.<\/p>\n<p style=\"text-align: justify;\">Este dato, unido a un mayor \u00edndice de mortalidad en el caso de accidentes con veh\u00edculos de mercanc\u00edas de m\u00e1s de 3.500 kg, lleva a la Direcci\u00f3n General de Tr\u00e1fico a poner en marcha esta campa\u00f1a de vigilancia.<\/p>\n<p style=\"text-align: justify;\">Deben resaltarse los datos de siniestralidad de furgonetas, las cuales han registrado en el periodo 2016-2017 un incremento del 30% en el n\u00famero de muertos a 30 d\u00edas.<\/p>\n<p style=\"text-align: justify;\">Desde la DGT se considera que la participaci\u00f3n de los ayuntamientos es fundamental para su \u00e9xito en esta campa\u00f1a, en las mismas fechas y con los mismos objetivos de vigilancia porque contribuir\u00e1, adem\u00e1s de ayudar a reducir el n\u00fameros de heridos y muertos en accidentes de circulaci\u00f3n, a tener una idea m\u00e1s exacta de la incidencia y su evoluci\u00f3n en el \u00e1mbito nacional.<\/p>\n<p style=\"text-align: center;\"><img fetchpriority=\"high\" decoding=\"async\" class=\" size-full wp-image-39218\" title=\"Alzira se adhiere a la campa\u00f1a especial de vigilancia &quot;Truck and bus&quot; de la DGT\" src=\"https:\/\/alzira.es\/wp-content\/uploads\/2019\/02\/IMG-20190228-WA0006.jpg\" alt=\"IMG-20190228-WA0006\" width=\"400\" height=\"225\" srcset=\"https:\/\/alzira.es\/wp-content\/uploads\/2019\/02\/IMG-20190228-WA0006.jpg 1600w, https:\/\/alzira.es\/wp-content\/uploads\/2019\/02\/IMG-20190228-WA0006-680x383.jpg 680w, https:\/\/alzira.es\/wp-content\/uploads\/2019\/02\/IMG-20190228-WA0006-1430x804.jpg 1430w, https:\/\/alzira.es\/wp-content\/uploads\/2019\/02\/IMG-20190228-WA0006-768x432.jpg 768w, https:\/\/alzira.es\/wp-content\/uploads\/2019\/02\/IMG-20190228-WA0006-1536x864.jpg 1536w\" sizes=\"(max-width: 400px) 100vw, 400px\" \/>&nbsp;<img decoding=\"async\" class=\"size-full wp-image-39220 lazyload\" title=\"Alzira se adhiere a la campa\u00f1a especial de vigilancia &quot;Truck and bus&quot; de la DGT\" data-src=\"https:\/\/alzira.es\/wp-content\/uploads\/2019\/02\/IMG-20190228-WA0007.jpg\" alt=\"IMG-20190228-WA0007\" width=\"400\" height=\"225\" data-srcset=\"https:\/\/alzira.es\/wp-content\/uploads\/2019\/02\/IMG-20190228-WA0007.jpg 1600w, https:\/\/alzira.es\/wp-content\/uploads\/2019\/02\/IMG-20190228-WA0007-680x383.jpg 680w, https:\/\/alzira.es\/wp-content\/uploads\/2019\/02\/IMG-20190228-WA0007-1430x804.jpg 1430w, https:\/\/alzira.es\/wp-content\/uploads\/2019\/02\/IMG-20190228-WA0007-768x432.jpg 768w, https:\/\/alzira.es\/wp-content\/uploads\/2019\/02\/IMG-20190228-WA0007-1536x864.jpg 1536w\" data-sizes=\"(max-width: 400px) 100vw, 400px\" src=\"data:image\/svg+xml;base64,PHN2ZyB3aWR0aD0iMSIgaGVpZ2h0PSIxIiB4bWxucz0iaHR0cDovL3d3dy53My5vcmcvMjAwMC9zdmciPjwvc3ZnPg==\" style=\"--smush-placeholder-width: 400px; --smush-placeholder-aspect-ratio: 400\/225;\" \/><\/p>\n","protected":false},"excerpt":{"rendered":"<p>Alzira, 28 de febrero de 2018.- La semana&nbsp;pasada tuvo lugar la acci\u00f3n de vigilancia de camiones y autobuses llevada a cabo por la Polic\u00eda Local dentro de las campa\u00f1as y operaciones de vigilancia y control para el a\u00f1o 2019 de la Direcci\u00f3n general de Tr\u00e1fico. Entre los d\u00edas 18 y 24 de febrero se hizo &hellip; <\/p>\n<p class=\"link-more\"><a href=\"https:\/\/alzira.es\/es\/alzira-se-adhiere-a-la-campana-especial-de-vigilancia-truck-and-bus-de-la-dgt\/\" class=\"more-link\">Continuar leyendo<span class=\"screen-reader-text\"> \u00abAlzira se adhiere a la campa\u00f1a especial de vigilancia \u00abTruck and bus\u00bb de la DGT\u00bb<\/span><\/a><\/p>\n","protected":false},"author":12,"featured_media":39218,"comment_status":"","ping_status":"","sticky":false,"template":"","format":"standard","meta":{"_acf_changed":false,"footnotes":""},"categories":[4936],"tags":[],"class_list":["post-39223","post","type-post","status-publish","format-standard","has-post-thumbnail","hentry","category-hemeroteca-es"],"acf":[],"_links":{"self":[{"href":"https:\/\/alzira.es\/es\/wp-json\/wp\/v2\/posts\/39223","targetHints":{"allow":["GET"]}}],"collection":[{"href":"https:\/\/alzira.es\/es\/wp-json\/wp\/v2\/posts"}],"about":[{"href":"https:\/\/alzira.es\/es\/wp-json\/wp\/v2\/types\/post"}],"author":[{"embeddable":true,"href":"https:\/\/alzira.es\/es\/wp-json\/wp\/v2\/users\/12"}],"replies":[{"embeddable":true,"href":"https:\/\/alzira.es\/es\/wp-json\/wp\/v2\/comments?post=39223"}],"version-history":[{"count":0,"href":"https:\/\/alzira.es\/es\/wp-json\/wp\/v2\/posts\/39223\/revisions"}],"wp:featuredmedia":[{"embeddable":true,"href":"https:\/\/alzira.es\/es\/wp-json\/wp\/v2\/media\/39218"}],"wp:attachment":[{"href":"https:\/\/alzira.es\/es\/wp-json\/wp\/v2\/media?parent=39223"}],"wp:term":[{"taxonomy":"category","embeddable":true,"href":"https:\/\/alzira.es\/es\/wp-json\/wp\/v2\/categories?post=39223"},{"taxonomy":"post_tag","embeddable":true,"href":"https:\/\/alzira.es\/es\/wp-json\/wp\/v2\/tags?post=39223"}],"curies":[{"name":"wp","href":"https:\/\/api.w.org\/{rel}","templated":true}]}}