{"id":39206,"date":"2019-02-28T14:42:55","date_gmt":"2019-02-28T13:42:55","guid":{"rendered":"https:\/\/alzira.es\/alzira-exigix-al-govern-central-que-prioritze-les-inversions-en-la-millora-de-la-linia-de-rodalia\/"},"modified":"2019-02-28T14:42:55","modified_gmt":"2019-02-28T13:42:55","slug":"alzira-exigix-al-govern-central-que-prioritze-les-inversions-en-la-millora-de-la-linia-de-rodalia","status":"publish","type":"post","link":"https:\/\/alzira.es\/es\/alzira-exigix-al-govern-central-que-prioritze-les-inversions-en-la-millora-de-la-linia-de-rodalia\/","title":{"rendered":"Alzira exigix al Govern central que prioritze les inversions en la millora de la l\u00ednia de rodalia"},"content":{"rendered":"<p style=\"text-align: justify;\"><strong><a href=\"https:\/\/alzira.es\/wp-content\/uploads\/2019\/02\/img_randres_20160225-140316_imagenes_lv_terceros_renfe1-ki6D-U411652688691nWF-992x558LaVanguardia-Web.jpg\" target=\"_blank\" rel=\"noopener\"><img fetchpriority=\"high\" decoding=\"async\" class=\" alignleft size-full wp-image-38860\" style=\"margin-right: 10px; float: left;\" title=\"Alzira exigix al Govern central que prioritze les inversions en la millora de la l\u00ednia de rodalia\" src=\"https:\/\/alzira.es\/wp-content\/uploads\/2019\/02\/img_randres_20160225-140316_imagenes_lv_terceros_renfe1-ki6D-U411652688691nWF-992x558LaVanguardia-Web.jpg\" alt=\"img randres 20160225-140316 imagenes lv terceros renfe1-ki6d-u411652688691nwf-992x558lavanguardia-web\" width=\"600\" height=\"338\" srcset=\"https:\/\/alzira.es\/wp-content\/uploads\/2019\/02\/img_randres_20160225-140316_imagenes_lv_terceros_renfe1-ki6D-U411652688691nWF-992x558LaVanguardia-Web.jpg 992w, https:\/\/alzira.es\/wp-content\/uploads\/2019\/02\/img_randres_20160225-140316_imagenes_lv_terceros_renfe1-ki6D-U411652688691nWF-992x558LaVanguardia-Web-680x383.jpg 680w, https:\/\/alzira.es\/wp-content\/uploads\/2019\/02\/img_randres_20160225-140316_imagenes_lv_terceros_renfe1-ki6D-U411652688691nWF-992x558LaVanguardia-Web-768x432.jpg 768w\" sizes=\"(max-width: 600px) 100vw, 600px\" \/><\/a>Alzira, 28 de febrer de 2019.-<\/strong> L&#8217;Ajuntament d&#8217;Alzira ha aprovat, per unanimitat, en el darrer ple ordinari una moci\u00f3 conjunta en qu\u00e8 exigix al Ministeri de Foment que prioritze la inversi\u00f3 en la millora de les l\u00ednies de rodalia C2 per a destinar m\u00e9s recursos a personal, infraestructures i manteniment.<\/p>\n<p style=\"text-align: justify;\">La l\u00ednia C2 de rodalia de Renfe Val\u00e8ncia, que passa per Alzira, patix un greu deteriorament. Un servei de transport de viatgers que, segons les dades de la mateixa empresa, utilitzen di\u00e0riament unes 40.000 persones en el conjunt de les 6 l\u00ednies de la xarxa. El que havia sigut un mitj\u00e0 de transport p\u00fablic col\u2022lectiu que en un temps s&#8217;havia considerat imprescindible, eficient i de prestigi, fa temps que ha deixat de ser-ho.<\/p>\n<p style=\"text-align: justify;\">Des de fa uns dos anys \u00e9s estrany el dia que les persones usu\u00e0ries no patixen retards, cancel\u2022lacions o supressi\u00f3 d&#8217;unitats en hores punta.<\/p>\n<p style=\"text-align: justify;\">Una de les queixes m\u00e9s importants dels usuaris \u00e9s que a primera hora del mat\u00ed d&#8217;un dia laboral o en altres hores punta, \u00e9s quan s&#8217;arriba a l&#8217;Estaci\u00f3 del Nord, hi ha aglomeracions, viatgers que baixen, viatgers que esperen a pujar, evidentment enfadats pels retards en l&#8217;hora estipulada d&#8217;arribada o en la d&#8217;eixida, cues immenses per a tornar a validar el bitllet, cancel\u2022ladores que no funcionen (amb la qual cosa s&#8217;ha d&#8217;invertir m\u00e9s temps fins que alg\u00fa soluciona la incid\u00e8ncia), etc.<br \/>Una altra petici\u00f3 dels partits de l&#8217;Ajuntament \u00e9s que es fa\u00e7a una reducci\u00f3 general en els preus de tots els t\u00edtols de transport; que retorne la bonificaci\u00f3 als bitllets d&#8217;anada i tornada; que els abonaments de 10 viatges tinguen una vig\u00e8ncia anual en lloc de mensual i que s&#8217;oferisquen altres modalitats de bitllet destinats a les persones que fan \u00fas del transport ferroviari en els seus despla\u00e7aments als llocs de treball o estudi.<\/p>\n<p style=\"text-align: justify;\">\u00abEls usuaris paguen els seus bitllets o abonaments, que no s\u00f3n gens barats, i a canvi Renfe\/Adif oferix un servei de rodalia a Val\u00e8ncia dolent\u00edssim\u00bb, segons la moci\u00f3 aprovada.<\/p>\n<p style=\"text-align: justify;\">Segons ha manifestat l&#8217;alcalde, Diego G\u00f3mez, \u00abla ciutadania d&#8217;Alzira necessita que Renfe\/Adif oferisca un servei de transport de rodalia de qualitat, puntual, confortable, sostenible i segur. Perqu\u00e8 un bon servei de transport ferroviari de rodalia ajudar\u00e0 a respectar el medi ambient i a contribuir al benestar de les persones\u00bb.<\/p>\n<p style=\"text-align: justify;\">&nbsp;<\/p>\n","protected":false},"excerpt":{"rendered":"<p>Alzira, 28 de febrer de 2019.- L&#8217;Ajuntament d&#8217;Alzira ha aprovat, per unanimitat, en el darrer ple ordinari una moci\u00f3 conjunta en qu\u00e8 exigix al Ministeri de Foment que prioritze la inversi\u00f3 en la millora de les l\u00ednies de rodalia C2 per a destinar m\u00e9s recursos a personal, infraestructures i manteniment. La l\u00ednia C2 de rodalia &hellip; <\/p>\n<p class=\"link-more\"><a href=\"https:\/\/alzira.es\/es\/alzira-exigix-al-govern-central-que-prioritze-les-inversions-en-la-millora-de-la-linia-de-rodalia\/\" class=\"more-link\">Continuar leyendo<span class=\"screen-reader-text\"> \u00abAlzira exigix al Govern central que prioritze les inversions en la millora de la l\u00ednia de rodalia\u00bb<\/span><\/a><\/p>\n","protected":false},"author":12,"featured_media":38860,"comment_status":"","ping_status":"","sticky":false,"template":"","format":"standard","meta":{"_acf_changed":false,"footnotes":""},"categories":[],"tags":[],"class_list":["post-39206","post","type-post","status-publish","format-standard","has-post-thumbnail","hentry"],"acf":[],"_links":{"self":[{"href":"https:\/\/alzira.es\/es\/wp-json\/wp\/v2\/posts\/39206","targetHints":{"allow":["GET"]}}],"collection":[{"href":"https:\/\/alzira.es\/es\/wp-json\/wp\/v2\/posts"}],"about":[{"href":"https:\/\/alzira.es\/es\/wp-json\/wp\/v2\/types\/post"}],"author":[{"embeddable":true,"href":"https:\/\/alzira.es\/es\/wp-json\/wp\/v2\/users\/12"}],"replies":[{"embeddable":true,"href":"https:\/\/alzira.es\/es\/wp-json\/wp\/v2\/comments?post=39206"}],"version-history":[{"count":0,"href":"https:\/\/alzira.es\/es\/wp-json\/wp\/v2\/posts\/39206\/revisions"}],"wp:featuredmedia":[{"embeddable":true,"href":"https:\/\/alzira.es\/es\/wp-json\/wp\/v2\/media\/38860"}],"wp:attachment":[{"href":"https:\/\/alzira.es\/es\/wp-json\/wp\/v2\/media?parent=39206"}],"wp:term":[{"taxonomy":"category","embeddable":true,"href":"https:\/\/alzira.es\/es\/wp-json\/wp\/v2\/categories?post=39206"},{"taxonomy":"post_tag","embeddable":true,"href":"https:\/\/alzira.es\/es\/wp-json\/wp\/v2\/tags?post=39206"}],"curies":[{"name":"wp","href":"https:\/\/api.w.org\/{rel}","templated":true}]}}