{"id":39204,"date":"2019-02-28T14:42:55","date_gmt":"2019-02-28T13:42:55","guid":{"rendered":"https:\/\/alzira.es\/alzira-exige-al-gobierno-central-que-priorice-las-inversiones-en-la-mejora-de-la-linea-de-cercanias\/"},"modified":"2019-02-28T14:42:55","modified_gmt":"2019-02-28T13:42:55","slug":"alzira-exige-al-gobierno-central-que-priorice-las-inversiones-en-la-mejora-de-la-linea-de-cercanias","status":"publish","type":"post","link":"https:\/\/alzira.es\/es\/alzira-exige-al-gobierno-central-que-priorice-las-inversiones-en-la-mejora-de-la-linea-de-cercanias\/","title":{"rendered":"Alzira exige al Gobierno central que priorice las inversiones en la mejora de la l\u00ednea de cercan\u00edas"},"content":{"rendered":"<p style=\"text-align: justify;\"><strong><a href=\"https:\/\/alzira.es\/wp-content\/uploads\/2019\/02\/img_randres_20160225-140316_imagenes_lv_terceros_renfe1-ki6D-U411652688691nWF-992x558LaVanguardia-Web.jpg\" target=\"_blank\" rel=\"noopener\"><img fetchpriority=\"high\" decoding=\"async\" class=\" alignleft size-full wp-image-38860\" style=\"margin-right: 10px; float: left;\" title=\"Alzira exige al Gobierno central que priorice las inversiones en la mejora de la l\u00ednea de cercan\u00edas\" src=\"https:\/\/alzira.es\/wp-content\/uploads\/2019\/02\/img_randres_20160225-140316_imagenes_lv_terceros_renfe1-ki6D-U411652688691nWF-992x558LaVanguardia-Web.jpg\" alt=\"img randres 20160225-140316 imagenes lv terceros renfe1-ki6d-u411652688691nwf-992x558lavanguardia-web\" width=\"600\" height=\"338\" srcset=\"https:\/\/alzira.es\/wp-content\/uploads\/2019\/02\/img_randres_20160225-140316_imagenes_lv_terceros_renfe1-ki6D-U411652688691nWF-992x558LaVanguardia-Web.jpg 992w, https:\/\/alzira.es\/wp-content\/uploads\/2019\/02\/img_randres_20160225-140316_imagenes_lv_terceros_renfe1-ki6D-U411652688691nWF-992x558LaVanguardia-Web-680x383.jpg 680w, https:\/\/alzira.es\/wp-content\/uploads\/2019\/02\/img_randres_20160225-140316_imagenes_lv_terceros_renfe1-ki6D-U411652688691nWF-992x558LaVanguardia-Web-768x432.jpg 768w\" sizes=\"(max-width: 600px) 100vw, 600px\" \/><\/a>Alzira, 28 de febrero de 2019.-<\/strong> El Ayuntamiento de Alzira ha aprobado por unanimidad en el \u00faltimo pleno ordinario una moci\u00f3n conjunta en la que exige al Ministerio de Fomento que priorice la inversi\u00f3n en la mejora de las l\u00edneas de cercan\u00edas C2 para destinar m\u00e1s recursos a personal, infraestructuras y mantenimiento.<\/p>\n<p style=\"text-align: justify;\">La l\u00ednea C2 de cercan\u00edas de Renfe Valencia, que pasa por Alzira, sufre un grave deterioro. Un servicio de transporte de viajeros que, seg\u00fan los datos de la misma empresa, utilizan diariamente unas 40.000 personas en el conjunto de las 6 l\u00edneas de la red. Lo que hab\u00eda sido un medio de transporte p\u00fablico colectivo que en un tiempo se hab\u00eda considerado imprescindible, eficiente y de prestigio, hace tiempo que ha dejado de serlo.<\/p>\n<p style=\"text-align: justify;\">Desde hace unos dos a\u00f1os es raro el d\u00eda que los usuarios no sufren retrasos, cancelaciones o se suprimen trenes en hora punta.<\/p>\n<p style=\"text-align: justify;\">Una de las quejas m\u00e1s importantes de los usuarios es que a primera hora de la ma\u00f1ana de un d\u00eda laboral o en otra hora punta cuando se llega a la Estaci\u00f3n del Norte hay aglomeraciones, viajeros que bajan, viajeros que esperan a subir evidentemente enfadados por los retrasos en la hora estipulada de llegada o en la de salida, colas inmensas para volver a validar el billete, canceladores que no funcionan (con lo cual se debe invertir m\u00e1s tiempo hasta que alguien soluciona la incidencia), etc.<\/p>\n<p style=\"text-align: justify;\">Otra petici\u00f3n de los partidos del Ayuntamiento es que se haga una reducci\u00f3n general en los precios de todos los t\u00edtulos de transporte que se devuelva la bonificaci\u00f3n a los billetes de ida y vuelta, que los abonos de 10 viajes tengan una vigencia anual en lugar de mensual y que se ofrezcan otras modalidades de billete destinados a las personas que hacen uso del transporte ferroviario en sus desplazamientos a los lugares de trabajo o estudio.<\/p>\n<p style=\"text-align: justify;\">\u00abLos usuarios pagan sus billetes o abonos, que no son nada baratos, y en cambio Renfe\/Adif ofrece un servicio de cercan\u00edas en Valencia mal\u00edsimo\u00bb, seg\u00fan la moci\u00f3n aprobada.<\/p>\n<p style=\"text-align: justify;\">Seg\u00fan ha manifestado el alcalde, Diego G\u00f3mez, \u00abla ciudadan\u00eda de Alzira necesita que Renfe\/Adif ofrezca un servicio de transporte de cercan\u00edas de calidad, puntual, confortable, sostenible y seguro. Para que as\u00ed un buen servicio de transporte ferroviario de cercan\u00edas ayude a respetar el medio ambiente y contribuir al bienestar de las personas\u00bb.<\/p>\n","protected":false},"excerpt":{"rendered":"<p>Alzira, 28 de febrero de 2019.- El Ayuntamiento de Alzira ha aprobado por unanimidad en el \u00faltimo pleno ordinario una moci\u00f3n conjunta en la que exige al Ministerio de Fomento que priorice la inversi\u00f3n en la mejora de las l\u00edneas de cercan\u00edas C2 para destinar m\u00e1s recursos a personal, infraestructuras y mantenimiento. La l\u00ednea C2 &hellip; <\/p>\n<p class=\"link-more\"><a href=\"https:\/\/alzira.es\/es\/alzira-exige-al-gobierno-central-que-priorice-las-inversiones-en-la-mejora-de-la-linea-de-cercanias\/\" class=\"more-link\">Continuar leyendo<span class=\"screen-reader-text\"> \u00abAlzira exige al Gobierno central que priorice las inversiones en la mejora de la l\u00ednea de cercan\u00edas\u00bb<\/span><\/a><\/p>\n","protected":false},"author":12,"featured_media":38860,"comment_status":"","ping_status":"","sticky":false,"template":"","format":"standard","meta":{"_acf_changed":false,"footnotes":""},"categories":[4936],"tags":[],"class_list":["post-39204","post","type-post","status-publish","format-standard","has-post-thumbnail","hentry","category-hemeroteca-es"],"acf":[],"_links":{"self":[{"href":"https:\/\/alzira.es\/es\/wp-json\/wp\/v2\/posts\/39204","targetHints":{"allow":["GET"]}}],"collection":[{"href":"https:\/\/alzira.es\/es\/wp-json\/wp\/v2\/posts"}],"about":[{"href":"https:\/\/alzira.es\/es\/wp-json\/wp\/v2\/types\/post"}],"author":[{"embeddable":true,"href":"https:\/\/alzira.es\/es\/wp-json\/wp\/v2\/users\/12"}],"replies":[{"embeddable":true,"href":"https:\/\/alzira.es\/es\/wp-json\/wp\/v2\/comments?post=39204"}],"version-history":[{"count":0,"href":"https:\/\/alzira.es\/es\/wp-json\/wp\/v2\/posts\/39204\/revisions"}],"wp:featuredmedia":[{"embeddable":true,"href":"https:\/\/alzira.es\/es\/wp-json\/wp\/v2\/media\/38860"}],"wp:attachment":[{"href":"https:\/\/alzira.es\/es\/wp-json\/wp\/v2\/media?parent=39204"}],"wp:term":[{"taxonomy":"category","embeddable":true,"href":"https:\/\/alzira.es\/es\/wp-json\/wp\/v2\/categories?post=39204"},{"taxonomy":"post_tag","embeddable":true,"href":"https:\/\/alzira.es\/es\/wp-json\/wp\/v2\/tags?post=39204"}],"curies":[{"name":"wp","href":"https:\/\/api.w.org\/{rel}","templated":true}]}}