{"id":39202,"date":"2019-02-28T14:15:39","date_gmt":"2019-02-28T13:15:39","guid":{"rendered":"https:\/\/alzira.es\/el-servei-de-creacio-d-empreses-d-idea-obri-el-termini-per-a-sol-licitar-les-ajudes-empren-per-a-nous-autonoms\/"},"modified":"2019-02-28T14:15:39","modified_gmt":"2019-02-28T13:15:39","slug":"el-servei-de-creacio-d-empreses-d-idea-obri-el-termini-per-a-sol-licitar-les-ajudes-empren-per-a-nous-autonoms","status":"publish","type":"post","link":"https:\/\/alzira.es\/es\/el-servei-de-creacio-d-empreses-d-idea-obri-el-termini-per-a-sol-licitar-les-ajudes-empren-per-a-nous-autonoms\/","title":{"rendered":"El Servei de Creaci\u00f3 d\u2019Empreses d\u2019IDEA obri el termini per a sol\u2022licitar les ajudes empr\u00e8n per a nous aut\u00f2noms"},"content":{"rendered":"<p style=\"text-align: justify;\"><strong><a href=\"https:\/\/alzira.es\/wp-content\/uploads\/2019\/02\/IMG_4689.jpg\" target=\"_blank\" rel=\"noopener\"><img fetchpriority=\"high\" decoding=\"async\" class=\" alignleft size-full wp-image-39197\" style=\"margin-right: 10px; float: left;\" title=\"El Servei de Creaci\u00f3 d\u2019Empreses d\u2019IDEA obri el termini per a sol\u2022licitar les ajudes empr\u00e8n per a nous aut\u00f2noms\" src=\"https:\/\/alzira.es\/wp-content\/uploads\/2019\/02\/IMG_4689.jpg\" alt=\"IMG 4689\" width=\"600\" height=\"400\" \/><\/a>Alzira, 28 de febrer del 2019.<\/strong> La regidoria de Desenvolupament Econ\u00f2mic, Treball i Projectes Europeus, a trav\u00e9s del servei de Creaci\u00f3 d&#8217;Empreses d&#8217;IDEA, ha obert el termini per a sol\u2022licitar les ajudes del programa EMPR\u00c9N per a qu\u00e8 aquells\/es nous aut\u00f2noms que v\u00e9nen d&#8217;una situaci\u00f3 d&#8217;atur i s&#8217;han constitu\u00eft com a aut\u00f2noms per a poder dur un nou negoci. S&#8217;ha augmentat l&#8217;import de les ajudes a 600 euros, que equival al 50% de les quotes d&#8217;aut\u00f2nom durant el primer any.<\/p>\n<p style=\"text-align: justify;\">Segons ha valorat Ivan Mart\u00ednez, regidor responsable de l&#8217;\u00e0rea: \u00abhi ha hagut un increment important de beneficiaris i benefici\u00e0ries d&#8217;aquestes ajudes durant el 2018, un total de m\u00e9s de 70 persones (prop d&#8217;un 40% m\u00e9s que l&#8217;any anterior) que han apostat per dur a terme una nova activitat en la nostra ciutat i s&#8217;han assessorat i informat a trav\u00e9s de l&#8217;Ajuntament. Cal felicitar als i les responsables del servei de Creaci\u00f3 d&#8217;Empreses d&#8217;IDEA, perqu\u00e8 han aconseguit dotar de tot un programa de noves ajudes i de suport al xicotet comer\u00e7 i empresariat i aix\u00ed s&#8217;ha pogut aplegar a m\u00e9s gent cada volta. Creant m\u00e9s xarxa i teixit empresarial local es donen m\u00e9s oportunitats de treball i es fa una ciutat m\u00e9s cohesionada\u00bb.<\/p>\n<p style=\"text-align: justify;\">Totes aquelles persones interessades poden trobar m\u00e9s informaci\u00f3 en les instal\u2022lacions d&#8217;IDEA, C\/ de la Ronda de Algemes\u00ed, 4, al correu <span style=\"color: #0000ff;\">creacionempresas@alzira.es<\/span>, a la p\u00e0gina web <span style=\"color: #0000ff;\">idea-alzira.com<\/span> o telefonant al <span style=\"color: #0000ff;\">962455101.<\/span><\/p>\n<p style=\"text-align: justify;\"><span style=\"color: #0000ff;\"><span style=\"color: #000000;\"><\/span><\/span><\/p>\n","protected":false},"excerpt":{"rendered":"<p>Alzira, 28 de febrer del 2019. La regidoria de Desenvolupament Econ\u00f2mic, Treball i Projectes Europeus, a trav\u00e9s del servei de Creaci\u00f3 d&#8217;Empreses d&#8217;IDEA, ha obert el termini per a sol\u2022licitar les ajudes del programa EMPR\u00c9N per a qu\u00e8 aquells\/es nous aut\u00f2noms que v\u00e9nen d&#8217;una situaci\u00f3 d&#8217;atur i s&#8217;han constitu\u00eft com a aut\u00f2noms per a poder &hellip; <\/p>\n<p class=\"link-more\"><a href=\"https:\/\/alzira.es\/es\/el-servei-de-creacio-d-empreses-d-idea-obri-el-termini-per-a-sol-licitar-les-ajudes-empren-per-a-nous-autonoms\/\" class=\"more-link\">Continuar leyendo<span class=\"screen-reader-text\"> \u00abEl Servei de Creaci\u00f3 d\u2019Empreses d\u2019IDEA obri el termini per a sol\u2022licitar les ajudes empr\u00e8n per a nous aut\u00f2noms\u00bb<\/span><\/a><\/p>\n","protected":false},"author":12,"featured_media":39197,"comment_status":"","ping_status":"","sticky":false,"template":"","format":"standard","meta":{"_acf_changed":false,"footnotes":""},"categories":[],"tags":[],"class_list":["post-39202","post","type-post","status-publish","format-standard","has-post-thumbnail","hentry"],"acf":[],"_links":{"self":[{"href":"https:\/\/alzira.es\/es\/wp-json\/wp\/v2\/posts\/39202","targetHints":{"allow":["GET"]}}],"collection":[{"href":"https:\/\/alzira.es\/es\/wp-json\/wp\/v2\/posts"}],"about":[{"href":"https:\/\/alzira.es\/es\/wp-json\/wp\/v2\/types\/post"}],"author":[{"embeddable":true,"href":"https:\/\/alzira.es\/es\/wp-json\/wp\/v2\/users\/12"}],"replies":[{"embeddable":true,"href":"https:\/\/alzira.es\/es\/wp-json\/wp\/v2\/comments?post=39202"}],"version-history":[{"count":0,"href":"https:\/\/alzira.es\/es\/wp-json\/wp\/v2\/posts\/39202\/revisions"}],"wp:featuredmedia":[{"embeddable":true,"href":"https:\/\/alzira.es\/es\/wp-json\/wp\/v2\/media\/39197"}],"wp:attachment":[{"href":"https:\/\/alzira.es\/es\/wp-json\/wp\/v2\/media?parent=39202"}],"wp:term":[{"taxonomy":"category","embeddable":true,"href":"https:\/\/alzira.es\/es\/wp-json\/wp\/v2\/categories?post=39202"},{"taxonomy":"post_tag","embeddable":true,"href":"https:\/\/alzira.es\/es\/wp-json\/wp\/v2\/tags?post=39202"}],"curies":[{"name":"wp","href":"https:\/\/api.w.org\/{rel}","templated":true}]}}