{"id":39199,"date":"2019-02-28T14:15:39","date_gmt":"2019-02-28T13:15:39","guid":{"rendered":"https:\/\/alzira.es\/el-servicio-de-creacion-de-empresas-de-idea-abre-el-plazo-para-solicitar-las-ayudas-empren-para-nuevos-autonomos\/"},"modified":"2019-02-28T14:15:39","modified_gmt":"2019-02-28T13:15:39","slug":"el-servicio-de-creacion-de-empresas-de-idea-abre-el-plazo-para-solicitar-las-ayudas-empren-para-nuevos-autonomos","status":"publish","type":"post","link":"https:\/\/alzira.es\/es\/el-servicio-de-creacion-de-empresas-de-idea-abre-el-plazo-para-solicitar-las-ayudas-empren-para-nuevos-autonomos\/","title":{"rendered":"El Servicio de Creaci\u00f3n de Empresas de IDEA abre el plazo para solicitar las ayudas Empr\u00e9n para nuevos aut\u00f3nomos"},"content":{"rendered":"<p style=\"text-align: justify;\"><strong><a href=\"https:\/\/alzira.es\/wp-content\/uploads\/2019\/02\/IMG_4689.jpg\" target=\"_blank\" rel=\"noopener\"><img fetchpriority=\"high\" decoding=\"async\" class=\" alignleft size-full wp-image-39197\" style=\"margin-right: 10px; float: left;\" title=\"El Servicio de Creaci\u00f3n de Empresas de IDEA abre el plazo para solicitar las ayudas Empr\u00e9n para nuevos aut\u00f3nomos\" src=\"https:\/\/alzira.es\/wp-content\/uploads\/2019\/02\/IMG_4689.jpg\" alt=\"IMG 4689\" width=\"600\" height=\"400\" \/><\/a>Alzira, 28 de febrero de 2019.<\/strong> La concejal\u00eda de Desarrollo Econ\u00f3mico, Trabajo y Proyectos Europeos, a trav\u00e9s del servicio de Creaci\u00f3n de Empresas de IDEA, ha abierto el plazo para solicitar las ayudas del programa EMPR\u00c9N para aquellos\/as nuevos aut\u00f3nomos que vienen de una situaci\u00f3n de desempleo y se han constituido como aut\u00f3nomos para poder llevar un nuevo negocio. Se ha aumentado el importe de las ayudas a 600 euros, que equivale al 50% de las cuotas de aut\u00f3nomo durante el primer a\u00f1o.<\/p>\n<p style=\"text-align: justify;\">Seg\u00fan ha valorado Iv\u00e1n Mart\u00ednez, concejal responsable del \u00e1rea \u00abha habido un incremento importante de beneficiarios y beneficiarias de estas ayudas durante el 2018. Un total de m\u00e1s de 70 personas (cerca de un 40% m\u00e1s que el a\u00f1o anterior) han apostado por llevar a cabo una nueva actividad en nuestra ciudad y se han asesorado e informado a trav\u00e9s del Ayuntamiento. Hay que felicitar a los y las responsables del servicio de Creaci\u00f3n de Empresas de IDEA, porque han conseguido dotar de todo un programa de nuevas ayudas y apoyo al peque\u00f1o comercio y empresariado y as\u00ed se ha podido llegar a m\u00e1s gente cada vez. Creando m\u00e1s red y tejido empresarial local se dan m\u00e1s oportunidades de trabajo y se hace una ciudad m\u00e1s cohesionada\u00bb.<\/p>\n<p style=\"text-align: justify;\">Todas aquellas personas interesadas pueden encontrar m\u00e1s informaci\u00f3n en las instalaciones de IDEA, C\/ de la Ronda de Algemes\u00ed, 4, al correo <span style=\"color: #0000ff;\">creacionempresas@alzira.es<\/span>, en la p\u00e1gina web <span style=\"color: #0000ff;\">idea-alzira.com<\/span> o llamando al <span style=\"color: #0000ff;\">962 455 101<span style=\"color: #000000;\">.<\/span><\/span><\/p>\n","protected":false},"excerpt":{"rendered":"<p>Alzira, 28 de febrero de 2019. La concejal\u00eda de Desarrollo Econ\u00f3mico, Trabajo y Proyectos Europeos, a trav\u00e9s del servicio de Creaci\u00f3n de Empresas de IDEA, ha abierto el plazo para solicitar las ayudas del programa EMPR\u00c9N para aquellos\/as nuevos aut\u00f3nomos que vienen de una situaci\u00f3n de desempleo y se han constituido como aut\u00f3nomos para poder &hellip; <\/p>\n<p class=\"link-more\"><a href=\"https:\/\/alzira.es\/es\/el-servicio-de-creacion-de-empresas-de-idea-abre-el-plazo-para-solicitar-las-ayudas-empren-para-nuevos-autonomos\/\" class=\"more-link\">Continuar leyendo<span class=\"screen-reader-text\"> \u00abEl Servicio de Creaci\u00f3n de Empresas de IDEA abre el plazo para solicitar las ayudas Empr\u00e9n para nuevos aut\u00f3nomos\u00bb<\/span><\/a><\/p>\n","protected":false},"author":12,"featured_media":29913,"comment_status":"","ping_status":"","sticky":false,"template":"","format":"standard","meta":{"_acf_changed":false,"footnotes":""},"categories":[4936],"tags":[],"class_list":["post-39199","post","type-post","status-publish","format-standard","has-post-thumbnail","hentry","category-hemeroteca-es"],"acf":[],"_links":{"self":[{"href":"https:\/\/alzira.es\/es\/wp-json\/wp\/v2\/posts\/39199","targetHints":{"allow":["GET"]}}],"collection":[{"href":"https:\/\/alzira.es\/es\/wp-json\/wp\/v2\/posts"}],"about":[{"href":"https:\/\/alzira.es\/es\/wp-json\/wp\/v2\/types\/post"}],"author":[{"embeddable":true,"href":"https:\/\/alzira.es\/es\/wp-json\/wp\/v2\/users\/12"}],"replies":[{"embeddable":true,"href":"https:\/\/alzira.es\/es\/wp-json\/wp\/v2\/comments?post=39199"}],"version-history":[{"count":0,"href":"https:\/\/alzira.es\/es\/wp-json\/wp\/v2\/posts\/39199\/revisions"}],"wp:featuredmedia":[{"embeddable":true,"href":"https:\/\/alzira.es\/es\/wp-json\/wp\/v2\/media\/29913"}],"wp:attachment":[{"href":"https:\/\/alzira.es\/es\/wp-json\/wp\/v2\/media?parent=39199"}],"wp:term":[{"taxonomy":"category","embeddable":true,"href":"https:\/\/alzira.es\/es\/wp-json\/wp\/v2\/categories?post=39199"},{"taxonomy":"post_tag","embeddable":true,"href":"https:\/\/alzira.es\/es\/wp-json\/wp\/v2\/tags?post=39199"}],"curies":[{"name":"wp","href":"https:\/\/api.w.org\/{rel}","templated":true}]}}