{"id":39191,"date":"2019-02-28T08:35:09","date_gmt":"2019-02-28T07:35:09","guid":{"rendered":"https:\/\/alzira.es\/1291-ciutadans-del-respirall-santa-maria-de-bonaire-i-san-bernardo-tindran-aigua-potable-de-qualitat-i-sense-nitrats-com-la-resta-d-alzirenys-i-alzirenyes\/"},"modified":"2019-02-28T08:35:09","modified_gmt":"2019-02-28T07:35:09","slug":"1291-ciutadans-del-respirall-santa-maria-de-bonaire-i-san-bernardo-tindran-aigua-potable-de-qualitat-i-sense-nitrats-com-la-resta-d-alzirenys-i-alzirenyes","status":"publish","type":"post","link":"https:\/\/alzira.es\/es\/1291-ciutadans-del-respirall-santa-maria-de-bonaire-i-san-bernardo-tindran-aigua-potable-de-qualitat-i-sense-nitrats-com-la-resta-d-alzirenys-i-alzirenyes\/","title":{"rendered":"1291 ciutadans del Respirall, Santa Mar\u00eda de Bonaire i San Bernardo, tindran aigua potable de qualitat, i sense nitrats, com la resta d\u2019alzirenys i alzirenyes"},"content":{"rendered":"<p style=\"text-align: justify;\"><strong><a href=\"https:\/\/alzira.es\/wp-content\/uploads\/2019\/02\/Imatge_2.png\" target=\"_blank\" rel=\"noopener\"><img fetchpriority=\"high\" decoding=\"async\" class=\" alignleft size-full wp-image-39187\" style=\"margin-right: 10px; float: left;\" title=\"1291 ciutadans del Respirall, Santa Mar\u00eda de Bonaire i San Bernardo, tindran aigua potable de qualitat, i sense nitrats, com la resta d\u2019alzirenys i alzirenyes\" src=\"https:\/\/alzira.es\/wp-content\/uploads\/2019\/02\/Imatge_2.png\" alt=\"Imatge 2\" width=\"600\" height=\"338\" srcset=\"https:\/\/alzira.es\/wp-content\/uploads\/2019\/02\/Imatge_2.png 1200w, https:\/\/alzira.es\/wp-content\/uploads\/2019\/02\/Imatge_2-680x383.png 680w, https:\/\/alzira.es\/wp-content\/uploads\/2019\/02\/Imatge_2-768x432.png 768w\" sizes=\"(max-width: 600px) 100vw, 600px\" \/><\/a>Dijous 27 de febrer de 2019 \u2013<\/strong> L&#8217;Ajuntament d&#8217;Alzira acaba d&#8217;aprovar, al plenari ordinari corresponent al mes de febrer, l&#8217;acord amb Aguas San Bernardo que determina que finalitza la seua gesti\u00f3 de servei d&#8217;aigua potable a les zones del Respirall, Santa Mar\u00eda de Bonaire i San Bernardo, com tamb\u00e9 que la seua xarxa d&#8217;aigua potable passar\u00e0 a ser restaurada per l&#8217;empresa concession\u00e0ria de l&#8217;Ajuntament d&#8217;Alzira, Aguas de Valencia, per tal de portar a terme les obres pertinents a la xarxa existent en les esmentades urbanitzacions i disseminats i connectar aix\u00ed amb els dip\u00f2sits municipals, per tal que el ve\u00efnat tinga aigua potable de qualitat, sense nitrats, com la resta de ciutadans i ciutadanes d&#8217;Alzira.<\/p>\n<p style=\"text-align: justify;\">Per la qual cosa, i tamb\u00e9 amb l&#8217;aprovaci\u00f3 de l&#8217;Ajuntament d&#8217;Alzira al plenari que hui s&#8217;ha celebrat, s&#8217;ha procedit a l&#8217;ampliaci\u00f3 del contracte de col\u2022laboraci\u00f3 amb Aguas de Valencia, que inclou la gesti\u00f3 i explotaci\u00f3 del servei d&#8217;aigua potable i clavegueram de les 615 vivendes adscrites a les urbanitzacions dels sectors del Respirall, Santa Mar\u00eda de Bonaire i San Bernardo.<\/p>\n<p style=\"text-align: justify;\">Fernando Pascual, regidor de Gesti\u00f3 Urban\u00edstica, ha declarat al respecte: \u00abEste Ajuntament ha donat un altre pas endavant per tal de millorar la qualitat de vida dels alzirenys i alzirenyes, aconseguint una aigua de qualitat, sense nitrats i a hores d&#8217;ara, ja podem dir que els ve\u00efns i ve\u00efnes del Respirall, Santa Mar\u00eda de Bonaire i San Bernardo, tamb\u00e9 tindran aigua potable sense nitrats. Amb les obres pertinents de connexi\u00f3 a la xarxa de clavegueram, tots els usuaris tindran aigua potable a les seues aixetes, aigua que a hores d&#8217;ara \u00e9s la m\u00e9s saludable de la hist\u00f2ria a la ciutat d&#8217;Alzira. Este \u00e9s un pas m\u00e9s cap a la millora i comoditat del conjunt de la nostra ciutat\u00bb.<\/p>\n<p style=\"text-align: justify;\">&nbsp;<\/p>\n","protected":false},"excerpt":{"rendered":"<p>Dijous 27 de febrer de 2019 \u2013 L&#8217;Ajuntament d&#8217;Alzira acaba d&#8217;aprovar, al plenari ordinari corresponent al mes de febrer, l&#8217;acord amb Aguas San Bernardo que determina que finalitza la seua gesti\u00f3 de servei d&#8217;aigua potable a les zones del Respirall, Santa Mar\u00eda de Bonaire i San Bernardo, com tamb\u00e9 que la seua xarxa d&#8217;aigua potable &hellip; <\/p>\n<p class=\"link-more\"><a href=\"https:\/\/alzira.es\/es\/1291-ciutadans-del-respirall-santa-maria-de-bonaire-i-san-bernardo-tindran-aigua-potable-de-qualitat-i-sense-nitrats-com-la-resta-d-alzirenys-i-alzirenyes\/\" class=\"more-link\">Continuar leyendo<span class=\"screen-reader-text\"> \u00ab1291 ciutadans del Respirall, Santa Mar\u00eda de Bonaire i San Bernardo, tindran aigua potable de qualitat, i sense nitrats, com la resta d\u2019alzirenys i alzirenyes\u00bb<\/span><\/a><\/p>\n","protected":false},"author":12,"featured_media":39187,"comment_status":"","ping_status":"","sticky":false,"template":"","format":"standard","meta":{"_acf_changed":false,"footnotes":""},"categories":[],"tags":[],"class_list":["post-39191","post","type-post","status-publish","format-standard","has-post-thumbnail","hentry"],"acf":[],"_links":{"self":[{"href":"https:\/\/alzira.es\/es\/wp-json\/wp\/v2\/posts\/39191","targetHints":{"allow":["GET"]}}],"collection":[{"href":"https:\/\/alzira.es\/es\/wp-json\/wp\/v2\/posts"}],"about":[{"href":"https:\/\/alzira.es\/es\/wp-json\/wp\/v2\/types\/post"}],"author":[{"embeddable":true,"href":"https:\/\/alzira.es\/es\/wp-json\/wp\/v2\/users\/12"}],"replies":[{"embeddable":true,"href":"https:\/\/alzira.es\/es\/wp-json\/wp\/v2\/comments?post=39191"}],"version-history":[{"count":0,"href":"https:\/\/alzira.es\/es\/wp-json\/wp\/v2\/posts\/39191\/revisions"}],"wp:featuredmedia":[{"embeddable":true,"href":"https:\/\/alzira.es\/es\/wp-json\/wp\/v2\/media\/39187"}],"wp:attachment":[{"href":"https:\/\/alzira.es\/es\/wp-json\/wp\/v2\/media?parent=39191"}],"wp:term":[{"taxonomy":"category","embeddable":true,"href":"https:\/\/alzira.es\/es\/wp-json\/wp\/v2\/categories?post=39191"},{"taxonomy":"post_tag","embeddable":true,"href":"https:\/\/alzira.es\/es\/wp-json\/wp\/v2\/tags?post=39191"}],"curies":[{"name":"wp","href":"https:\/\/api.w.org\/{rel}","templated":true}]}}