{"id":39177,"date":"2019-02-27T16:00:00","date_gmt":"2019-02-27T15:00:00","guid":{"rendered":"https:\/\/alzira.es\/el-ayuntamiento-premia-la-falla-mas-ecologica-de-alzira-con-1-500-euros\/"},"modified":"2019-02-27T16:00:00","modified_gmt":"2019-02-27T15:00:00","slug":"el-ayuntamiento-premia-la-falla-mas-ecologica-de-alzira-con-1-500-euros","status":"publish","type":"post","link":"https:\/\/alzira.es\/es\/el-ayuntamiento-premia-la-falla-mas-ecologica-de-alzira-con-1-500-euros\/","title":{"rendered":"El Ayuntamiento premia la falla m\u00e1s ecol\u00f3gica de Alzira con 1.500 euros"},"content":{"rendered":"<p style=\"text-align: justify;\"><strong><a href=\"https:\/\/alzira.es\/wp-content\/uploads\/2019\/02\/falla_mes_sostenible_xarxes-01.jpg\" target=\"_blank\" rel=\"noopener\"><img fetchpriority=\"high\" decoding=\"async\" class=\" alignleft size-full wp-image-39175\" style=\"margin-right: 10px; float: left;\" title=\"El Ayuntamiento premia la falla m\u00e1s ecol\u00f3gica de Alzira con 1.500 euros\" src=\"https:\/\/alzira.es\/wp-content\/uploads\/2019\/02\/falla_mes_sostenible_xarxes-01.jpg\" alt=\"falla mes sostenible xarxes-01\" width=\"600\" height=\"635\" srcset=\"https:\/\/alzira.es\/wp-content\/uploads\/2019\/02\/falla_mes_sostenible_xarxes-01.jpg 1259w, https:\/\/alzira.es\/wp-content\/uploads\/2019\/02\/falla_mes_sostenible_xarxes-01-482x510.jpg 482w, https:\/\/alzira.es\/wp-content\/uploads\/2019\/02\/falla_mes_sostenible_xarxes-01-1012x1072.jpg 1012w, https:\/\/alzira.es\/wp-content\/uploads\/2019\/02\/falla_mes_sostenible_xarxes-01-768x813.jpg 768w\" sizes=\"(max-width: 600px) 100vw, 600px\" \/><\/a>Alzira, 27 de febrero de 2019.-<\/strong> El Departamento de Agricultura y Medio Ambiente del Ayuntamiento de Alzira convoca la segunda edici\u00f3n del premio \u00abComissi\u00f3 fallera m\u00e9s ecol\u00f2gica i respectuosa amb el medi ambient\u00bb, en el que podr\u00e1n participar todas las comisiones del municipio de Alzira que utilizan en sus monumentos falleros materiales tradicionales, tales como la madera, paja, cart\u00f3n, barro o la arcilla, entre otros.<\/p>\n<p style=\"text-align: justify;\">Desde el viernes d\u00eda 1 de marzo hasta el jueves 7 de marzo, los interesados \u200b\u200ben participar deber\u00e1n presentar en la Oficina de La Clau una memoria descriptiva donde constan los materiales utilizados en el monumento y el tratamiento decorativo para el acabado de \u00e9ste, as\u00ed como los componentes utilizados para la base. Debe especificarse si se presenta el monumento grande, el infantil o ambos.<\/p>\n<p style=\"text-align: justify;\">\u00abQueremos seguir en la l\u00ednea que iniciamos el a\u00f1o pasado, fomentando con estos premios las nuevas maneras de hacer fallas sostenibles. Esperamos que la participaci\u00f3n de las comisiones se incremente y que poco a poco se vaya adoptando una construcci\u00f3n de monumentos m\u00e1s limpia\u00bb asegura Pep Carreras, concejal de Medio Ambiente.<\/p>\n<p style=\"text-align: justify;\">El d\u00eda 17 de marzo por la ma\u00f1ana, un jurado competente en la materia visitar\u00e1 los monumentos inscritos, haciendo p\u00fablica la resoluci\u00f3n en el acto de entrega de premios que se organiza el mismo d\u00eda en la puerta del Ayuntamiento. Se otorgar\u00e1n dos premios, uno para la secci\u00f3n grande valorado en 1.500 \u20ac y otro para la secci\u00f3n infantil en 750 \u20ac, ambos adjudicar\u00e1n al monumento fallero que mejor se adaptan a los requisitos expuestos.<\/p>\n<p style=\"text-align: justify;\">En el siguiente enlace se pueden consultar las bases reguladoras del premio. Tambi\u00e9n pueden encontrarlas en la p\u00e1gina web del Ayuntamiento de Alzira (<span style=\"color: #0000ff;\">https:\/\/alzira.es\/alzira_vpm\/index.php\/val\/component\/jdownloads\/finish\/56\/47136<\/span>)<\/p>\n<p style=\"text-align: justify;\">Para m\u00e1s informaci\u00f3n pueden ponerse en contacto con el departamento de Medio Ambiente y Agricultura mediante correo electr\u00f3nico a la direcci\u00f3n <span style=\"color: #0000ff;\">mediambient@alzira.es<\/span> o al n\u00famero de tel\u00e9fono <span style=\"color: #0000ff;\">96 245 92 69<\/span>.<\/p>\n","protected":false},"excerpt":{"rendered":"<p>Alzira, 27 de febrero de 2019.- El Departamento de Agricultura y Medio Ambiente del Ayuntamiento de Alzira convoca la segunda edici\u00f3n del premio \u00abComissi\u00f3 fallera m\u00e9s ecol\u00f2gica i respectuosa amb el medi ambient\u00bb, en el que podr\u00e1n participar todas las comisiones del municipio de Alzira que utilizan en sus monumentos falleros materiales tradicionales, tales como &hellip; <\/p>\n<p class=\"link-more\"><a href=\"https:\/\/alzira.es\/es\/el-ayuntamiento-premia-la-falla-mas-ecologica-de-alzira-con-1-500-euros\/\" class=\"more-link\">Continuar leyendo<span class=\"screen-reader-text\"> \u00abEl Ayuntamiento premia la falla m\u00e1s ecol\u00f3gica de Alzira con 1.500 euros\u00bb<\/span><\/a><\/p>\n","protected":false},"author":12,"featured_media":39175,"comment_status":"","ping_status":"","sticky":false,"template":"","format":"standard","meta":{"_acf_changed":false,"footnotes":""},"categories":[4936],"tags":[],"class_list":["post-39177","post","type-post","status-publish","format-standard","has-post-thumbnail","hentry","category-hemeroteca-es"],"acf":[],"_links":{"self":[{"href":"https:\/\/alzira.es\/es\/wp-json\/wp\/v2\/posts\/39177","targetHints":{"allow":["GET"]}}],"collection":[{"href":"https:\/\/alzira.es\/es\/wp-json\/wp\/v2\/posts"}],"about":[{"href":"https:\/\/alzira.es\/es\/wp-json\/wp\/v2\/types\/post"}],"author":[{"embeddable":true,"href":"https:\/\/alzira.es\/es\/wp-json\/wp\/v2\/users\/12"}],"replies":[{"embeddable":true,"href":"https:\/\/alzira.es\/es\/wp-json\/wp\/v2\/comments?post=39177"}],"version-history":[{"count":0,"href":"https:\/\/alzira.es\/es\/wp-json\/wp\/v2\/posts\/39177\/revisions"}],"wp:featuredmedia":[{"embeddable":true,"href":"https:\/\/alzira.es\/es\/wp-json\/wp\/v2\/media\/39175"}],"wp:attachment":[{"href":"https:\/\/alzira.es\/es\/wp-json\/wp\/v2\/media?parent=39177"}],"wp:term":[{"taxonomy":"category","embeddable":true,"href":"https:\/\/alzira.es\/es\/wp-json\/wp\/v2\/categories?post=39177"},{"taxonomy":"post_tag","embeddable":true,"href":"https:\/\/alzira.es\/es\/wp-json\/wp\/v2\/tags?post=39177"}],"curies":[{"name":"wp","href":"https:\/\/api.w.org\/{rel}","templated":true}]}}