{"id":39172,"date":"2019-02-27T11:21:59","date_gmt":"2019-02-27T10:21:59","guid":{"rendered":"https:\/\/alzira.es\/alzira-continua-amb-el-pla-d-instal-lar-paviment-ignifug-als-emplacaments-de-monuments-fallers\/"},"modified":"2019-02-27T11:21:59","modified_gmt":"2019-02-27T10:21:59","slug":"alzira-continua-amb-el-pla-d-instal-lar-paviment-ignifug-als-emplacaments-de-monuments-fallers","status":"publish","type":"post","link":"https:\/\/alzira.es\/es\/alzira-continua-amb-el-pla-d-instal-lar-paviment-ignifug-als-emplacaments-de-monuments-fallers\/","title":{"rendered":"Alzira continua amb el pla d\u2019instal\u2022lar paviment ign\u00edfug als empla\u00e7aments de monuments fallers"},"content":{"rendered":"<p style=\"text-align: justify;\"><strong>Alzira, 27 de febrer de 2019 \u2013<\/strong> Les obres de reparaci\u00f3 incloses en el Pla de Pavimentaci\u00f3 de Carrers de la ciutat per tal de millorar l&#8217;accessibilitat d&#8217;aquells que ho requerixen han finalitzat amb \u00e8xit<a href=\"https:\/\/alzira.es\/wp-content\/uploads\/2019\/02\/20190226_161426.jpg\" target=\"_blank\" rel=\"noopener\">.<\/a><\/p>\n<p style=\"text-align: justify;\">Els \u00faltims treballs de millora realitzats des de la Regidoria de Gesti\u00f3 Urban\u00edstica han estat als carrers Gerardo Lagu\u00eda, Manises, Requena, Sant Andreu, Josep Ma. Llopico, Joan d&#8217;\u00c0ustria, Mar\u00eda Plasencia i Elena Just Castillo. A m\u00e9s, cal recordar que tamb\u00e9 s&#8217;han realitzat reparacions del paviment a l&#8217;avinguda Josefina Fern\u00e1ndez, una de les vies de pas m\u00e9s importants pel que respecta al tr\u00e0nsit de vehicles.<\/p>\n<p style=\"text-align: justify;\"><a href=\"https:\/\/alzira.es\/wp-content\/uploads\/2019\/02\/20190226_161426.jpg\" target=\"_blank\" rel=\"noopener\"><\/a><\/p>\n<p style=\"text-align: justify;\">Al mateix temps que s&#8217;han portat a terme les obres de millora als carrers s&#8217;ha aprofitat per a col\u2022locar un empedrat en granit ign\u00edfug als empla\u00e7aments de les falles Sants Patrons i Sant Andreu per tal que estes zones queden m\u00e9s protegides a l&#8217;hora de la crema dels monuments, lloc on tamb\u00e9 han sigut ubicades les plaques met\u00e0l\u2022liques commemoratives de cada una de les falles.<\/p>\n<p style=\"text-align: justify;\"><a href=\"https:\/\/alzira.es\/wp-content\/uploads\/2019\/02\/20190226_161426.jpg\" target=\"_blank\" rel=\"noopener\"><\/a><\/p>\n<p style=\"text-align: justify;\">Fernando Pascual, regidor de l&#8217;\u00e0rea responsable, ha declarat al respecte: \u00abTotes les obres de millora que s&#8217;han efectuat tenen com a objectiu fer m\u00e9s c\u00f2moda la mobilitat del ve\u00efnat, aix\u00ed com tamb\u00e9 del tr\u00e0nsit, i fer m\u00e9s agradable la imatge de la ciutat. Esta \u00e9s una mesura m\u00e9s, de tantes que hem realitzat, pel b\u00e9 de la ciutat, per anar millorant la qualitat de vida dels ciutadans i ciutadanes, dels vianants i dels conductors perqu\u00e8, al cap i a la fi, d&#8217;aix\u00f2 es tracta, de tindre una ciutat c\u00f2moda, agradable i bonica als ulls\u00bb.<\/p>\n<p style=\"text-align: center;\"><a href=\"https:\/\/alzira.es\/wp-content\/uploads\/2019\/02\/20190226_161426.jpg\" target=\"_blank\" rel=\"noopener\"><img fetchpriority=\"high\" decoding=\"async\" class=\" size-full wp-image-39165\" title=\"Alzira continua amb el pla d\u2019instal\u2022lar paviment ign\u00edfug als empla\u00e7aments de monuments fallers \" src=\"https:\/\/alzira.es\/wp-content\/uploads\/2019\/02\/20190226_161426.jpg\" alt=\"20190226 161426\" width=\"400\" height=\"300\" srcset=\"https:\/\/alzira.es\/wp-content\/uploads\/2019\/02\/20190226_161426.jpg 1200w, https:\/\/alzira.es\/wp-content\/uploads\/2019\/02\/20190226_161426-680x510.jpg 680w, https:\/\/alzira.es\/wp-content\/uploads\/2019\/02\/20190226_161426-768x576.jpg 768w\" sizes=\"(max-width: 400px) 100vw, 400px\" \/><\/a>&nbsp;<a href=\"https:\/\/alzira.es\/wp-content\/uploads\/2019\/02\/20190226_161521.jpg\" target=\"_blank\" rel=\"noopener\"><img decoding=\"async\" class=\"size-full wp-image-39167 lazyload\" title=\"Alzira continua amb el pla d\u2019instal\u2022lar paviment ign\u00edfug als empla\u00e7aments de monuments fallers \" data-src=\"https:\/\/alzira.es\/wp-content\/uploads\/2019\/02\/20190226_161521.jpg\" alt=\"20190226 161521\" width=\"400\" height=\"300\" data-srcset=\"https:\/\/alzira.es\/wp-content\/uploads\/2019\/02\/20190226_161521.jpg 1200w, https:\/\/alzira.es\/wp-content\/uploads\/2019\/02\/20190226_161521-680x510.jpg 680w, https:\/\/alzira.es\/wp-content\/uploads\/2019\/02\/20190226_161521-768x576.jpg 768w\" data-sizes=\"(max-width: 400px) 100vw, 400px\" src=\"data:image\/svg+xml;base64,PHN2ZyB3aWR0aD0iMSIgaGVpZ2h0PSIxIiB4bWxucz0iaHR0cDovL3d3dy53My5vcmcvMjAwMC9zdmciPjwvc3ZnPg==\" style=\"--smush-placeholder-width: 400px; --smush-placeholder-aspect-ratio: 400\/300;\" \/><\/a><\/p>\n","protected":false},"excerpt":{"rendered":"<p>Alzira, 27 de febrer de 2019 \u2013 Les obres de reparaci\u00f3 incloses en el Pla de Pavimentaci\u00f3 de Carrers de la ciutat per tal de millorar l&#8217;accessibilitat d&#8217;aquells que ho requerixen han finalitzat amb \u00e8xit. Els \u00faltims treballs de millora realitzats des de la Regidoria de Gesti\u00f3 Urban\u00edstica han estat als carrers Gerardo Lagu\u00eda, Manises, &hellip; <\/p>\n<p class=\"link-more\"><a href=\"https:\/\/alzira.es\/es\/alzira-continua-amb-el-pla-d-instal-lar-paviment-ignifug-als-emplacaments-de-monuments-fallers\/\" class=\"more-link\">Continuar leyendo<span class=\"screen-reader-text\"> \u00abAlzira continua amb el pla d\u2019instal\u2022lar paviment ign\u00edfug als empla\u00e7aments de monuments fallers\u00bb<\/span><\/a><\/p>\n","protected":false},"author":12,"featured_media":39165,"comment_status":"","ping_status":"","sticky":false,"template":"","format":"standard","meta":{"_acf_changed":false,"footnotes":""},"categories":[],"tags":[],"class_list":["post-39172","post","type-post","status-publish","format-standard","has-post-thumbnail","hentry"],"acf":[],"_links":{"self":[{"href":"https:\/\/alzira.es\/es\/wp-json\/wp\/v2\/posts\/39172","targetHints":{"allow":["GET"]}}],"collection":[{"href":"https:\/\/alzira.es\/es\/wp-json\/wp\/v2\/posts"}],"about":[{"href":"https:\/\/alzira.es\/es\/wp-json\/wp\/v2\/types\/post"}],"author":[{"embeddable":true,"href":"https:\/\/alzira.es\/es\/wp-json\/wp\/v2\/users\/12"}],"replies":[{"embeddable":true,"href":"https:\/\/alzira.es\/es\/wp-json\/wp\/v2\/comments?post=39172"}],"version-history":[{"count":0,"href":"https:\/\/alzira.es\/es\/wp-json\/wp\/v2\/posts\/39172\/revisions"}],"wp:featuredmedia":[{"embeddable":true,"href":"https:\/\/alzira.es\/es\/wp-json\/wp\/v2\/media\/39165"}],"wp:attachment":[{"href":"https:\/\/alzira.es\/es\/wp-json\/wp\/v2\/media?parent=39172"}],"wp:term":[{"taxonomy":"category","embeddable":true,"href":"https:\/\/alzira.es\/es\/wp-json\/wp\/v2\/categories?post=39172"},{"taxonomy":"post_tag","embeddable":true,"href":"https:\/\/alzira.es\/es\/wp-json\/wp\/v2\/tags?post=39172"}],"curies":[{"name":"wp","href":"https:\/\/api.w.org\/{rel}","templated":true}]}}