{"id":39164,"date":"2019-02-27T11:11:49","date_gmt":"2019-02-27T10:11:49","guid":{"rendered":"https:\/\/alzira.es\/la-universitat-de-valencia-i-l-ajuntament-d-alzira-presenten-la-publicacio-la-historia-d-alzira\/"},"modified":"2019-02-27T11:11:49","modified_gmt":"2019-02-27T10:11:49","slug":"la-universitat-de-valencia-i-l-ajuntament-d-alzira-presenten-la-publicacio-la-historia-d-alzira","status":"publish","type":"post","link":"https:\/\/alzira.es\/es\/la-universitat-de-valencia-i-l-ajuntament-d-alzira-presenten-la-publicacio-la-historia-d-alzira\/","title":{"rendered":"La Universitat de Val\u00e8ncia i l&#8217;Ajuntament d&#8217;Alzira presenten la publicaci\u00f3 \u2018La Hist\u00f2ria d&#8217;Alzira\u2019"},"content":{"rendered":"<p style=\"text-align: justify;\">El Sal\u00f3 Noble de la Casa Consistorial d&#8217;Alzira va acollir ahir, 26 de febrer, la presentaci\u00f3 d&#8217;aquesta obra coral, fruit del conveni de col\u2022laboraci\u00f3 subscrit per l&#8217;Ajuntament de la ciutat i la Universitat de Val\u00e8ncia, en la qual han col\u2022laborat m\u00e9s de mig centenar de professionals de la hist\u00f2ria, la geografia i l&#8217;art de la Universitat de Val\u00e8ncia i historiadors i estudiosos de la hist\u00f2ria local d&#8217;Alzira.<\/p>\n<p style=\"text-align: justify;\">L&#8217;acte de presentaci\u00f3, que va tindre lloc el dimarts 26 de febrer, va comptar amb la participaci\u00f3 del vicerector de Projecci\u00f3 Territorial i Societat, Jorge Hermosilla; l&#8217;alcalde d&#8217;Alzira, Diego G\u00f3mez; la coordinadora de la publicaci\u00f3 per part de la Universitat, la professora Ester Alba; i Aureli\u00e0 Lair\u00f3n, coordinador per part de l&#8217;Ajuntament d&#8217;Alzira.<\/p>\n<p style=\"text-align: justify;\">El vicerector va explicar que la participaci\u00f3 de la Universitat de Val\u00e8ncia, mitjan\u00e7ant investigadors de la Facultat de Geografia i Hist\u00f2ria, en aquest projecte editorial cal entendre-la com una forma m\u00e9s de \u00abterritorialitzaci\u00f3\u00bb de la instituci\u00f3 acad\u00e8mica. Citant a Ortega i Gasset, Jorge Hermosilla va explicar que \u00aba les missions de la Universitat, com s\u00f3n la formaci\u00f3, la investigaci\u00f3, la transfer\u00e8ncia de coneixement, contemplem l&#8217;aproximaci\u00f3 al territori. La UV, com a instituci\u00f3 p\u00fablica, es deu a la societat valenciana, i qu\u00e8 millor que acostar-se a ella a trav\u00e9s del que saben realitzar els nostres investigadors\u00bb.<\/p>\n<p style=\"text-align: justify;\">La professora del Departament d&#8217;Hist\u00f2ria de l&#8217;Art, Ester Alba, degana de la Facultat de Geografia i Hist\u00f2ria quan es va iniciar el projecte editorial, va incidir en el valor dels estudis locals, dels estudis abordats per equips pluridisciplinaris compresos per experts en els diversos per\u00edodes hist\u00f2rics, la geografia, la hist\u00f2ria de l&#8217;art o el patrimoni cultural.<\/p>\n<p style=\"text-align: justify;\">Per la seua banda Aureli\u00e0 Lair\u00f3n, Arxiver municipal i coordinador del projecte, va parlar d&#8217;una hist\u00f2ria d&#8217;Alzira necess\u00e0ria per a una ciutat mil\u2022len\u00e0ria, que se sent orgullosa del seu passat i present. L&#8217;alcalde Diego G\u00f3mez va posar l&#8217;accent en la import\u00e0ncia d&#8217;un treball d&#8217;estes caracter\u00edstiques, un recorregut exhaustiu sobre el que ha sigut la nostra ciutat al llarg del temps. \u00abM\u00e9s de 1000 p\u00e0gines per a repassar la hist\u00f2ria d&#8217;una ciutat que mira en clau de futur\u00bb<\/p>\n<p style=\"text-align: justify;\">En la &#8216;Hist\u00f2ria d&#8217;Alzira&#8217; participen els professors de la Universitat de Val\u00e8ncia Antoni Furi\u00f3 (Dept. Hist\u00f2ria Medieval i Ci\u00e8ncies i T\u00e8cniques Historiogr\u00e0fiques), Ricard Franch i Aureli Mart\u00ed (Dept. Hist\u00f2ria Moderna i Contempor\u00e0nia), Juan Piqueras i Joan Mateu (Geografia), Jos\u00e9 P\u00e9rez Ballester i Manuel Albaladejo (Prehist\u00f2ria, Arqueologia i Hist\u00f2ria Antiga), i Ester Alba i Josep Montesinos (Hist\u00f2ria de l&#8217;Art), entre altres. Aquesta publicaci\u00f3 forma part d&#8217;una s\u00e8rie d&#8217;obres promogudes i coordinades des de la Facultat de Geografia i Hist\u00f2ria, amb un denominador com\u00fa, l&#8217;escala local com a refer\u00e8ncia de l&#8217;an\u00e0lisi hist\u00f2rica, geogr\u00e0fica o patrimonial. Una desena d&#8217;obres han precedit a la Hist\u00f2ria d&#8217;Alzira: Val\u00e8ncia, X\u00e0tiva, Ll\u00edria, Bunyol, Quart de Poblet, Torrent, L&#8217;Eliana, La Pobla de Vallbona, Tor\u00eds i Carlet.<\/p>\n<p style=\"text-align: justify;\">L&#8217;obra, que es publicar\u00e0 en dos tomos a finals del mes de mar\u00e7, ha comptat amb la participaci\u00f3 de nombrosos historiadors i investigadors, com els locals <strong>Antonio Mart\u00ednez P\u00e9rez<\/strong>, que malauradament ens va deixar fa uns mesos, l&#8217;arque\u00f2leg municipal <strong>Agust\u00ed Ferrer Clari<\/strong>, el doctor en Hist\u00f2ria i catedr\u00e0tic <strong>Tom\u00e0s Peris Albentosa<\/strong>, el medievalista <strong>Ivan Mart\u00ednez Araque<\/strong>, el doctor en hist\u00f2ria <strong>Salvador Vercher<\/strong>, el doctorand <strong>Vicent Gar\u00e9s Timor<\/strong>, l&#8217;exdirector del Josep M\u00aa Parra i professor de la UCV, <strong>Jes\u00fas Marrod\u00e1n<\/strong>, el catedr\u00e0tic <strong>Eugenio Garc\u00eda Almi\u00f1ana<\/strong>, la professora <strong>Pilar Rovira Granero<\/strong>, el doctor en Art <strong>Francisco de Borja Franco Llopis<\/strong>, la doctoranda <strong>M\u00f3nica Ib\u00e1\u00f1ez Bartolom\u00e9<\/strong> i al professor de M\u00fasica <strong>Francisco Jos\u00e9 Vicente Castell<\/strong>.<\/p>\n<p style=\"text-align: center;\"><a href=\"https:\/\/alzira.es\/wp-content\/uploads\/2019\/02\/IMG_9751_edited.jpg\" target=\"_blank\" rel=\"noopener\"><img fetchpriority=\"high\" decoding=\"async\" class=\" size-full wp-image-39158\" title=\"La Universitat de Val\u00e8ncia i l'Ajuntament d'Alzira presenten la publicaci\u00f3 \u2018La Hist\u00f2ria d'Alzira\u2019\" src=\"https:\/\/alzira.es\/wp-content\/uploads\/2019\/02\/IMG_9751_edited.jpg\" alt=\"IMG 9751 edited\" width=\"378\" height=\"252\" \/><\/a>&nbsp;<a href=\"https:\/\/alzira.es\/wp-content\/uploads\/2019\/02\/IMG_9791_edited.jpg\" target=\"_blank\" rel=\"noopener\"><img decoding=\"async\" class=\"size-full wp-image-39160 lazyload\" title=\"La Universitat de Val\u00e8ncia i l'Ajuntament d'Alzira presenten la publicaci\u00f3 \u2018La Hist\u00f2ria d'Alzira\u2019\" data-src=\"https:\/\/alzira.es\/wp-content\/uploads\/2019\/02\/IMG_9791_edited.jpg\" alt=\"IMG 9791 edited\" width=\"400\" height=\"252\" src=\"data:image\/svg+xml;base64,PHN2ZyB3aWR0aD0iMSIgaGVpZ2h0PSIxIiB4bWxucz0iaHR0cDovL3d3dy53My5vcmcvMjAwMC9zdmciPjwvc3ZnPg==\" style=\"--smush-placeholder-width: 400px; --smush-placeholder-aspect-ratio: 400\/252;\" \/><\/a><\/p>\n","protected":false},"excerpt":{"rendered":"<p>El Sal\u00f3 Noble de la Casa Consistorial d&#8217;Alzira va acollir ahir, 26 de febrer, la presentaci\u00f3 d&#8217;aquesta obra coral, fruit del conveni de col\u2022laboraci\u00f3 subscrit per l&#8217;Ajuntament de la ciutat i la Universitat de Val\u00e8ncia, en la qual han col\u2022laborat m\u00e9s de mig centenar de professionals de la hist\u00f2ria, la geografia i l&#8217;art de la &hellip; <\/p>\n<p class=\"link-more\"><a href=\"https:\/\/alzira.es\/es\/la-universitat-de-valencia-i-l-ajuntament-d-alzira-presenten-la-publicacio-la-historia-d-alzira\/\" class=\"more-link\">Continuar leyendo<span class=\"screen-reader-text\"> \u00abLa Universitat de Val\u00e8ncia i l&#8217;Ajuntament d&#8217;Alzira presenten la publicaci\u00f3 \u2018La Hist\u00f2ria d&#8217;Alzira\u2019\u00bb<\/span><\/a><\/p>\n","protected":false},"author":12,"featured_media":39158,"comment_status":"","ping_status":"","sticky":false,"template":"","format":"standard","meta":{"_acf_changed":false,"footnotes":""},"categories":[],"tags":[],"class_list":["post-39164","post","type-post","status-publish","format-standard","has-post-thumbnail","hentry"],"acf":[],"_links":{"self":[{"href":"https:\/\/alzira.es\/es\/wp-json\/wp\/v2\/posts\/39164","targetHints":{"allow":["GET"]}}],"collection":[{"href":"https:\/\/alzira.es\/es\/wp-json\/wp\/v2\/posts"}],"about":[{"href":"https:\/\/alzira.es\/es\/wp-json\/wp\/v2\/types\/post"}],"author":[{"embeddable":true,"href":"https:\/\/alzira.es\/es\/wp-json\/wp\/v2\/users\/12"}],"replies":[{"embeddable":true,"href":"https:\/\/alzira.es\/es\/wp-json\/wp\/v2\/comments?post=39164"}],"version-history":[{"count":0,"href":"https:\/\/alzira.es\/es\/wp-json\/wp\/v2\/posts\/39164\/revisions"}],"wp:featuredmedia":[{"embeddable":true,"href":"https:\/\/alzira.es\/es\/wp-json\/wp\/v2\/media\/39158"}],"wp:attachment":[{"href":"https:\/\/alzira.es\/es\/wp-json\/wp\/v2\/media?parent=39164"}],"wp:term":[{"taxonomy":"category","embeddable":true,"href":"https:\/\/alzira.es\/es\/wp-json\/wp\/v2\/categories?post=39164"},{"taxonomy":"post_tag","embeddable":true,"href":"https:\/\/alzira.es\/es\/wp-json\/wp\/v2\/tags?post=39164"}],"curies":[{"name":"wp","href":"https:\/\/api.w.org\/{rel}","templated":true}]}}