{"id":39162,"date":"2019-02-27T11:11:49","date_gmt":"2019-02-27T10:11:49","guid":{"rendered":"https:\/\/alzira.es\/la-universidad-de-valencia-y-el-ayuntamiento-de-alzira-presentan-la-publicacion-la-historia-d-alzira\/"},"modified":"2019-02-27T11:11:49","modified_gmt":"2019-02-27T10:11:49","slug":"la-universidad-de-valencia-y-el-ayuntamiento-de-alzira-presentan-la-publicacion-la-historia-d-alzira","status":"publish","type":"post","link":"https:\/\/alzira.es\/es\/la-universidad-de-valencia-y-el-ayuntamiento-de-alzira-presentan-la-publicacion-la-historia-d-alzira\/","title":{"rendered":"La Universidad de Valencia y el Ayuntamiento de Alzira presentan la publicaci\u00f3n &#8216;La Hist\u00f2ria d&#8217;Alzira\u2019&#8217;"},"content":{"rendered":"<p style=\"text-align: justify;\">El Sal\u00f3n Noble de la Casa Consistorial de Alzira acogi\u00f3 ayer, 26 de febrero, la presentaci\u00f3n de esta obra coral, fruto del convenio de colaboraci\u00f3n subscrito en su d\u00eda por el Ayuntamiento de la ciudad y la Universitat de Val\u00e8ncia, en la cual han colaborado m\u00e1s de medio centenar de profesionales de la historia, la geograf\u00eda y el arte de la Universitat de Val\u00e8ncia e historiadores y estudiosos de la historia local de Alzira.<\/p>\n<p style=\"text-align: justify;\">El acto de presentaci\u00f3n, que tuvo lugar el martes 26 de febrero, cont\u00f3 con la participaci\u00f3n del vicerrector de Proyecci\u00f3n Territorial y Sociedad, Jorge Hermosilla; el alcalde de Alzira, Diego G\u00f3mez; la coordinadora de la publicaci\u00f3n por parte de la Universitat, la profesora Ester Alba; y Aureli\u00e0 Lair\u00f3n, coordinador por parte del Ayuntamiento de Alzira.<\/p>\n<p style=\"text-align: justify;\">El vicerrector explic\u00f3 que la participaci\u00f3n de la Universitat de Valencia, mediante investigadores de la Facultat de Geografia i Hist\u00f2ria, en este proyecto editorial hay que entenderlo como una forma m\u00e1s de \u00abterritorializaci\u00f3n\u00bb de la instituci\u00f3n acad\u00e9mica. Citando a Ortega y Gasset, Jorge Hermosilla explic\u00f3 que \u00aba las misiones de la Universitat, como son la formaci\u00f3n, la investigaci\u00f3n, la transferencia de conocimiento, contemplamos la aproximaci\u00f3n al territorio. La UV, como instituci\u00f3n p\u00fablica, se debe a la sociedad valenciana, y qu\u00e9 mejor que acercarse a ella a trav\u00e9s de lo que saben realizar nuestros investigadores\u00bb.<\/p>\n<p style=\"text-align: justify;\">La profesora del Departamento de Historia del Arte, Ester Alba, decana de la Facultat de Geografia i Hist\u00f2ria cuando se inici\u00f3 el proyecto editorial, incidi\u00f3 en el valor de los estudios locales, de los estudios abordados por equipos pluridisciplinares comprendidos por expertos en los diversos per\u00edodos hist\u00f3ricos, la geograf\u00eda, la historia del arte o el patrimonio cultural.<\/p>\n<p style=\"text-align: justify;\">Por su parte, Aureli\u00e0 Lair\u00f3n, Archivero municipal y coordinador del proyecto, habl\u00f3 de una historia de Alzira necesaria para ciutat mil\u2022len\u00e0ria, que se sent orgullosa del seu passat i present. L&#8217;alcalde Diego G\u00f3mez hizo hincapi\u00e9 en la importancia de un trabajode estas caracter\u00edsticas, un recorrido exhaustivo sobre lo que ha sido nuestra ciudad con el paso del tiempo. \u00abM\u00e1s de 1000 p\u00e1gines para repasar la historia de una ciutat que mira en clave de futuro\u00bb<\/p>\n<p style=\"text-align: justify;\">En la &#8216;Historia de Alzira&#8217; participan los profesores de la Universitat de Val\u00e8ncia Antoni Furi\u00f3 (Dpto. Historia Medieval y Ciencias y T\u00e9cnicas Historiogr\u00e1ficas), Ricard Franch y Aureli Mart\u00ed (Dpto. Historia Moderna y Contempor\u00e1nea), Juan Piqueras y Joan Mateu (Geograf\u00eda), Jos\u00e9 P\u00e9rez Ballester y Manuel Albaladejo (Prehistoria, Arqueolog\u00eda e Historia Antigua), y Ester Alba y Josep Montesinos (Historia del Arte), entre otros. Esta publicaci\u00f3n forma parte de una serie de obras promovidas y coordinadas desde la Facultat de Geografia i Hist\u00f2ria, con un denominador com\u00fan, la escala local como referencia del an\u00e1lisis hist\u00f3rico, geogr\u00e1fico o patrimonial. Una decena de obras han precedido a la Historia de Alzira: Val\u00e8ncia, X\u00e0tiva, Ll\u00edria, Bu\u00f1ol, Quart de Poblet, Torrent, L&#8217;Eliana, La Pobla de Vallbona, Tur\u00eds y Carlet.<\/p>\n<p style=\"text-align: justify;\">La obra, que se publicar\u00e1 en dos tomos a finales del mes de marzo, ha contado con la participaci\u00f3n de numerosos historiadores e investigadores, como los locales <strong>Antonio Mart\u00ednez P\u00e9rez<\/strong>, que desgraciadamente nos dej\u00f3 hace unos meses, el arque\u00f3logo municipal <strong>Agust\u00ed Ferrer Clari<\/strong>, el doctor en Historia y catedr\u00e1tico <strong>Tom\u00e0s Peris Albentosa<\/strong>, el medievalista <strong>Iv\u00e1n Mart\u00ednez Araque<\/strong>, el doctor en historia <strong>Salvador Vercher Llet\u00ed<\/strong>, el doctorando <strong>Vicent Gar\u00e9s Timor<\/strong>, el exdirector de Josep M\u00aa Parra y profesor de la UCV, <strong>Jes\u00fas Marrod\u00e1n<\/strong>, el catedr\u00e1tico <strong>Eugenio Garc\u00eda Almi\u00f1ana<\/strong>, la profesora <strong>Pilar Rovira Granero<\/strong>, el doctor en Arte <strong>Francisco de Borja Franco Llopis<\/strong>, la doctoranda <strong>M\u00f3nica Ib\u00e1\u00f1ez Bartolom\u00e9<\/strong> y al profesor de M\u00fasica <strong>Francisco Jos\u00e9 Vicente Castell<\/strong>.<\/p>\n<p style=\"text-align: center;\"><a href=\"https:\/\/alzira.es\/wp-content\/uploads\/2019\/02\/IMG_9751_edited.jpg\" target=\"_blank\" rel=\"noopener\"><img fetchpriority=\"high\" decoding=\"async\" class=\" size-full wp-image-39158\" title=\"La Universidad de Valencia y el Ayuntamiento de Alzira presentan la publicaci\u00f3n 'La Hist\u00f2ria d'Alzira\u2019'\" src=\"https:\/\/alzira.es\/wp-content\/uploads\/2019\/02\/IMG_9751_edited.jpg\" alt=\"IMG 9751 edited\" width=\"378\" height=\"252\" \/><\/a>&nbsp;<a href=\"https:\/\/alzira.es\/wp-content\/uploads\/2019\/02\/IMG_9791_edited.jpg\" target=\"_blank\" rel=\"noopener\"><img decoding=\"async\" class=\"size-full wp-image-39160 lazyload\" title=\"La Universidad de Valencia y el Ayuntamiento de Alzira presentan la publicaci\u00f3n 'La Hist\u00f2ria d'Alzira\u2019'\" data-src=\"https:\/\/alzira.es\/wp-content\/uploads\/2019\/02\/IMG_9791_edited.jpg\" alt=\"IMG 9791 edited\" width=\"400\" height=\"252\" src=\"data:image\/svg+xml;base64,PHN2ZyB3aWR0aD0iMSIgaGVpZ2h0PSIxIiB4bWxucz0iaHR0cDovL3d3dy53My5vcmcvMjAwMC9zdmciPjwvc3ZnPg==\" style=\"--smush-placeholder-width: 400px; --smush-placeholder-aspect-ratio: 400\/252;\" \/><\/a><\/p>\n","protected":false},"excerpt":{"rendered":"<p>El Sal\u00f3n Noble de la Casa Consistorial de Alzira acogi\u00f3 ayer, 26 de febrero, la presentaci\u00f3n de esta obra coral, fruto del convenio de colaboraci\u00f3n subscrito en su d\u00eda por el Ayuntamiento de la ciudad y la Universitat de Val\u00e8ncia, en la cual han colaborado m\u00e1s de medio centenar de profesionales de la historia, la &hellip; <\/p>\n<p class=\"link-more\"><a href=\"https:\/\/alzira.es\/es\/la-universidad-de-valencia-y-el-ayuntamiento-de-alzira-presentan-la-publicacion-la-historia-d-alzira\/\" class=\"more-link\">Continuar leyendo<span class=\"screen-reader-text\"> \u00abLa Universidad de Valencia y el Ayuntamiento de Alzira presentan la publicaci\u00f3n &#8216;La Hist\u00f2ria d&#8217;Alzira\u2019&#8217;\u00bb<\/span><\/a><\/p>\n","protected":false},"author":12,"featured_media":39158,"comment_status":"","ping_status":"","sticky":false,"template":"","format":"standard","meta":{"_acf_changed":false,"footnotes":""},"categories":[4936],"tags":[],"class_list":["post-39162","post","type-post","status-publish","format-standard","has-post-thumbnail","hentry","category-hemeroteca-es"],"acf":[],"_links":{"self":[{"href":"https:\/\/alzira.es\/es\/wp-json\/wp\/v2\/posts\/39162","targetHints":{"allow":["GET"]}}],"collection":[{"href":"https:\/\/alzira.es\/es\/wp-json\/wp\/v2\/posts"}],"about":[{"href":"https:\/\/alzira.es\/es\/wp-json\/wp\/v2\/types\/post"}],"author":[{"embeddable":true,"href":"https:\/\/alzira.es\/es\/wp-json\/wp\/v2\/users\/12"}],"replies":[{"embeddable":true,"href":"https:\/\/alzira.es\/es\/wp-json\/wp\/v2\/comments?post=39162"}],"version-history":[{"count":0,"href":"https:\/\/alzira.es\/es\/wp-json\/wp\/v2\/posts\/39162\/revisions"}],"wp:featuredmedia":[{"embeddable":true,"href":"https:\/\/alzira.es\/es\/wp-json\/wp\/v2\/media\/39158"}],"wp:attachment":[{"href":"https:\/\/alzira.es\/es\/wp-json\/wp\/v2\/media?parent=39162"}],"wp:term":[{"taxonomy":"category","embeddable":true,"href":"https:\/\/alzira.es\/es\/wp-json\/wp\/v2\/categories?post=39162"},{"taxonomy":"post_tag","embeddable":true,"href":"https:\/\/alzira.es\/es\/wp-json\/wp\/v2\/tags?post=39162"}],"curies":[{"name":"wp","href":"https:\/\/api.w.org\/{rel}","templated":true}]}}