{"id":39157,"date":"2019-02-27T10:59:33","date_gmt":"2019-02-27T09:59:33","guid":{"rendered":"https:\/\/alzira.es\/v-concurs-d-instagram-de-falles-del-2-al-20-de-marc\/"},"modified":"2019-02-27T10:59:33","modified_gmt":"2019-02-27T09:59:33","slug":"v-concurs-d-instagram-de-falles-del-2-al-20-de-marc","status":"publish","type":"post","link":"https:\/\/alzira.es\/es\/v-concurs-d-instagram-de-falles-del-2-al-20-de-marc\/","title":{"rendered":"V Concurs d\u2019Instagram de Falles, del 2 al 20 de mar\u00e7"},"content":{"rendered":"<p style=\"text-align: justify;\"><strong><a href=\"https:\/\/alzira.es\/wp-content\/uploads\/2018\/03\/cartell-01.jpg\" target=\"_blank\" rel=\"noopener\"><img fetchpriority=\"high\" decoding=\"async\" class=\" alignleft size-full wp-image-28689\" style=\"margin-right: 10px; float: left;\" title=\"V Concurs d\u2019Instagram de Falles, del 2 al 20 de mar\u00e7 \" src=\"https:\/\/alzira.es\/wp-content\/uploads\/2018\/03\/cartell-01.jpg\" alt=\"cartell-01\" width=\"400\" height=\"566\" srcset=\"https:\/\/alzira.es\/wp-content\/uploads\/2018\/03\/cartell-01.jpg 1200w, https:\/\/alzira.es\/wp-content\/uploads\/2018\/03\/cartell-01-360x510.jpg 360w, https:\/\/alzira.es\/wp-content\/uploads\/2018\/03\/cartell-01-757x1072.jpg 757w, https:\/\/alzira.es\/wp-content\/uploads\/2018\/03\/cartell-01-768x1088.jpg 768w, https:\/\/alzira.es\/wp-content\/uploads\/2018\/03\/cartell-01-1084x1536.jpg 1084w\" sizes=\"(max-width: 400px) 100vw, 400px\" \/><\/a>Alzira, 27 de febrer de 2019.-<\/strong> L&#8217;Ajuntament d&#8217;Alzira, des de la Regidoria de Festes, convoca el V Concurs d&#8217;Instagram de Falles.<\/p>\n<p style=\"text-align: justify;\">Poden participar en el concurs totes les persones usu\u00e0ries de l&#8217;aplicaci\u00f3 m\u00f2bil d&#8217;Instagram i que realitzen fotografies al llarg de les celebracions de les festes de la nostra ciutat en este exercici del 2019.<\/p>\n<p style=\"text-align: justify;\">Les fotografies de Falles podran pujar-se del 2 al 20 de mar\u00e7, amb l&#8217;etiqueta <span style=\"color: #ff0000;\">#alziraenfalles19<\/span>.<\/p>\n<p style=\"text-align: justify;\">No seran admeses a concurs les fotografies pujades abans o despr\u00e9s de les dates assenyalades.<\/p>\n<p style=\"text-align: justify;\">\u00ab\u00c9s molt important utilitzar l&#8217;etiqueta correctament per tal que les fotografies puguen entrar en concurs, sin\u00f3 s&#8217;etiqueten correctament els membres del jurat no podran tindre acc\u00e9s a les instant\u00e0nies per poder-les valorar\u00bb, ha assenyalat Isabel Aguilar, vicealcaldessa i regidora de Festes i Turisme.<\/p>\n<p style=\"text-align: justify;\">La participaci\u00f3 en el concurs no necessita de cap inscripci\u00f3 i \u00e9s totalment gratu\u00efta, a m\u00e9s cada persona pot presentar quantes fotografies desitge, sempre dins de les dates establides i que complisquen la tem\u00e0tica del concurs, Falles d&#8217;Alzira.<\/p>\n<p style=\"text-align: justify;\">El premis s\u00f3n: primer premi 150 euros; segon premi 100 euros; i un tercer premi amb una quantia de 50 euros. Els premis s&#8217;abonaran als guanyadors per mitj\u00e0 de transfer\u00e8ncia banc\u00e0ria.<\/p>\n<p style=\"text-align: justify;\">Totes les fotos presentades podran ser utilitzades per l&#8217;Ajuntament d&#8217;Alzira com a promoci\u00f3 de les Falles de la nostra ciutat.<\/p>\n<p style=\"text-align: justify;\">Per \u00faltim remarcar que les vint fotografies finalistes seran publicades en el Facebook i Instagram de l&#8217;Ajuntament d&#8217;Alzira, aix\u00ed com en el web <span style=\"color: #0000ff;\">www.alzira.es<\/span>. De les vint fotos finalistes l&#8217;instant\u00e0nia que obtinga m\u00e9s \u00abm&#8217;agrada\u00bb obtindr\u00e0 el premi al Vot Popular, passant a ser la foto que anunciar\u00e0 el concurs d&#8217;Instagram del pr\u00f2xim any.<\/p>\n<p style=\"text-align: justify;\">&nbsp;<\/p>\n","protected":false},"excerpt":{"rendered":"<p>Alzira, 27 de febrer de 2019.- L&#8217;Ajuntament d&#8217;Alzira, des de la Regidoria de Festes, convoca el V Concurs d&#8217;Instagram de Falles. Poden participar en el concurs totes les persones usu\u00e0ries de l&#8217;aplicaci\u00f3 m\u00f2bil d&#8217;Instagram i que realitzen fotografies al llarg de les celebracions de les festes de la nostra ciutat en este exercici del 2019. &hellip; <\/p>\n<p class=\"link-more\"><a href=\"https:\/\/alzira.es\/es\/v-concurs-d-instagram-de-falles-del-2-al-20-de-marc\/\" class=\"more-link\">Continuar leyendo<span class=\"screen-reader-text\"> \u00abV Concurs d\u2019Instagram de Falles, del 2 al 20 de mar\u00e7\u00bb<\/span><\/a><\/p>\n","protected":false},"author":12,"featured_media":28689,"comment_status":"","ping_status":"","sticky":false,"template":"","format":"standard","meta":{"_acf_changed":false,"footnotes":""},"categories":[],"tags":[],"class_list":["post-39157","post","type-post","status-publish","format-standard","has-post-thumbnail","hentry"],"acf":[],"_links":{"self":[{"href":"https:\/\/alzira.es\/es\/wp-json\/wp\/v2\/posts\/39157","targetHints":{"allow":["GET"]}}],"collection":[{"href":"https:\/\/alzira.es\/es\/wp-json\/wp\/v2\/posts"}],"about":[{"href":"https:\/\/alzira.es\/es\/wp-json\/wp\/v2\/types\/post"}],"author":[{"embeddable":true,"href":"https:\/\/alzira.es\/es\/wp-json\/wp\/v2\/users\/12"}],"replies":[{"embeddable":true,"href":"https:\/\/alzira.es\/es\/wp-json\/wp\/v2\/comments?post=39157"}],"version-history":[{"count":0,"href":"https:\/\/alzira.es\/es\/wp-json\/wp\/v2\/posts\/39157\/revisions"}],"wp:featuredmedia":[{"embeddable":true,"href":"https:\/\/alzira.es\/es\/wp-json\/wp\/v2\/media\/28689"}],"wp:attachment":[{"href":"https:\/\/alzira.es\/es\/wp-json\/wp\/v2\/media?parent=39157"}],"wp:term":[{"taxonomy":"category","embeddable":true,"href":"https:\/\/alzira.es\/es\/wp-json\/wp\/v2\/categories?post=39157"},{"taxonomy":"post_tag","embeddable":true,"href":"https:\/\/alzira.es\/es\/wp-json\/wp\/v2\/tags?post=39157"}],"curies":[{"name":"wp","href":"https:\/\/api.w.org\/{rel}","templated":true}]}}