{"id":39155,"date":"2019-02-27T10:59:33","date_gmt":"2019-02-27T09:59:33","guid":{"rendered":"https:\/\/alzira.es\/v-concurso-de-instagram-de-fallas-del-2-al-20-de-marzo\/"},"modified":"2019-02-27T10:59:33","modified_gmt":"2019-02-27T09:59:33","slug":"v-concurso-de-instagram-de-fallas-del-2-al-20-de-marzo","status":"publish","type":"post","link":"https:\/\/alzira.es\/es\/v-concurso-de-instagram-de-fallas-del-2-al-20-de-marzo\/","title":{"rendered":"V Concurso de Instagram de Fallas, del 2 al 20 de marzo"},"content":{"rendered":"<p style=\"text-align: justify;\"><strong><a href=\"https:\/\/alzira.es\/wp-content\/uploads\/2018\/03\/cartell-01.jpg\" target=\"_blank\" rel=\"noopener\"><img fetchpriority=\"high\" decoding=\"async\" class=\" alignleft size-full wp-image-28689\" style=\"margin-right: 10px; float: left;\" title=\"V Concurso de Instagram de Fallas, del 2 al 20 de marzo\" src=\"https:\/\/alzira.es\/wp-content\/uploads\/2018\/03\/cartell-01.jpg\" alt=\"cartell-01\" width=\"400\" height=\"566\" srcset=\"https:\/\/alzira.es\/wp-content\/uploads\/2018\/03\/cartell-01.jpg 1200w, https:\/\/alzira.es\/wp-content\/uploads\/2018\/03\/cartell-01-360x510.jpg 360w, https:\/\/alzira.es\/wp-content\/uploads\/2018\/03\/cartell-01-757x1072.jpg 757w, https:\/\/alzira.es\/wp-content\/uploads\/2018\/03\/cartell-01-768x1088.jpg 768w, https:\/\/alzira.es\/wp-content\/uploads\/2018\/03\/cartell-01-1084x1536.jpg 1084w\" sizes=\"(max-width: 400px) 100vw, 400px\" \/><\/a>Alzira, 27 de febrero de 2019.-<\/strong> El Ayuntamiento de Alzira, desde la Concejal\u00eda de Fiestas, convoca el V Concurso de Instagram de Fallas.<\/p>\n<p style=\"text-align: justify;\">Pueden participar en el concurso todas las personas usuarias de la aplicaci\u00f3n m\u00f3vil de Instagram y que realizan fotograf\u00edas a lo largo de las celebraciones de las fiestas de nuestra ciudad en este ejercicio de 2019.<\/p>\n<p style=\"text-align: justify;\">Las fotograf\u00edas de Fallas podr\u00e1n subirse del 2 al 20 de marzo, con la etiqueta <span style=\"color: #ff0000;\">#alziraenfalles19<\/span>.<\/p>\n<p style=\"text-align: justify;\">No ser\u00e1n admitidas a concurso las fotograf\u00edas subidas antes o despu\u00e9s de las fechas se\u00f1aladas.<\/p>\n<p style=\"text-align: justify;\">\u00abEs muy importante utilizar la etiqueta correctamente para que las fotograf\u00edas puedan entrar en concurso, si no etiquetan correctamente los miembros del jurado no podr\u00e1n tener acceso a las instant\u00e1neas para poder valorar\u00bb, se\u00f1al\u00f3 Isabel Aguilar, vicealcaldesa y concejala de Fiestas y Turismo.<\/p>\n<p style=\"text-align: justify;\">La participaci\u00f3n en el concurso no necesita de ninguna inscripci\u00f3n y es totalmente gratuita, adem\u00e1s cada persona puede presentar cuantas fotograf\u00edas desee, siempre dentro de las fechas establecidas y que cumplan con la tem\u00e1tica del concurso, Fallas de Alzira.<\/p>\n<p style=\"text-align: justify;\">Los premios son: primer premio 150 euros; segundo premio 100 euros; y un tercer premio con una cuant\u00eda de 50 euros. Los premios se abonar\u00e1n a los ganadores mediante transferencia bancaria.<\/p>\n<p style=\"text-align: justify;\">Todas las fotos presentadas podr\u00e1n ser utilizadas por el Ayuntamiento de Alzira como promoci\u00f3n de las Fallas de nuestra ciudad.<\/p>\n<p style=\"text-align: justify;\">Por \u00faltimo cabe destacar que las veinte fotograf\u00edas finalistas ser\u00e1n publicadas en el Facebook e Instagram del Ayuntamiento de Alzira, as\u00ed como en la web <span style=\"color: #0000ff;\">www.alzira.es<\/span>. De las veinte fotos finalistas la foto que obtenga m\u00e1s \u00abme gusta\u00bb obtendr\u00e1 el premio al Voto Popular, pasando a ser la foto que anunciar\u00e1 el concurso de Instagram del pr\u00f3ximo a\u00f1o.<\/p>\n","protected":false},"excerpt":{"rendered":"<p>Alzira, 27 de febrero de 2019.- El Ayuntamiento de Alzira, desde la Concejal\u00eda de Fiestas, convoca el V Concurso de Instagram de Fallas. Pueden participar en el concurso todas las personas usuarias de la aplicaci\u00f3n m\u00f3vil de Instagram y que realizan fotograf\u00edas a lo largo de las celebraciones de las fiestas de nuestra ciudad en &hellip; <\/p>\n<p class=\"link-more\"><a href=\"https:\/\/alzira.es\/es\/v-concurso-de-instagram-de-fallas-del-2-al-20-de-marzo\/\" class=\"more-link\">Continuar leyendo<span class=\"screen-reader-text\"> \u00abV Concurso de Instagram de Fallas, del 2 al 20 de marzo\u00bb<\/span><\/a><\/p>\n","protected":false},"author":12,"featured_media":28689,"comment_status":"","ping_status":"","sticky":false,"template":"","format":"standard","meta":{"_acf_changed":false,"footnotes":""},"categories":[4936],"tags":[],"class_list":["post-39155","post","type-post","status-publish","format-standard","has-post-thumbnail","hentry","category-hemeroteca-es"],"acf":[],"_links":{"self":[{"href":"https:\/\/alzira.es\/es\/wp-json\/wp\/v2\/posts\/39155","targetHints":{"allow":["GET"]}}],"collection":[{"href":"https:\/\/alzira.es\/es\/wp-json\/wp\/v2\/posts"}],"about":[{"href":"https:\/\/alzira.es\/es\/wp-json\/wp\/v2\/types\/post"}],"author":[{"embeddable":true,"href":"https:\/\/alzira.es\/es\/wp-json\/wp\/v2\/users\/12"}],"replies":[{"embeddable":true,"href":"https:\/\/alzira.es\/es\/wp-json\/wp\/v2\/comments?post=39155"}],"version-history":[{"count":0,"href":"https:\/\/alzira.es\/es\/wp-json\/wp\/v2\/posts\/39155\/revisions"}],"wp:featuredmedia":[{"embeddable":true,"href":"https:\/\/alzira.es\/es\/wp-json\/wp\/v2\/media\/28689"}],"wp:attachment":[{"href":"https:\/\/alzira.es\/es\/wp-json\/wp\/v2\/media?parent=39155"}],"wp:term":[{"taxonomy":"category","embeddable":true,"href":"https:\/\/alzira.es\/es\/wp-json\/wp\/v2\/categories?post=39155"},{"taxonomy":"post_tag","embeddable":true,"href":"https:\/\/alzira.es\/es\/wp-json\/wp\/v2\/tags?post=39155"}],"curies":[{"name":"wp","href":"https:\/\/api.w.org\/{rel}","templated":true}]}}