{"id":39126,"date":"2019-02-26T16:00:00","date_gmt":"2019-02-26T15:00:00","guid":{"rendered":"https:\/\/alzira.es\/mas-de-400-ninos-visitan-el-bus-de-la-llengua\/"},"modified":"2019-02-26T16:00:00","modified_gmt":"2019-02-26T15:00:00","slug":"mas-de-400-ninos-visitan-el-bus-de-la-llengua","status":"publish","type":"post","link":"https:\/\/alzira.es\/es\/mas-de-400-ninos-visitan-el-bus-de-la-llengua\/","title":{"rendered":"M\u00e1s de 400 ni\u00f1os visitan El bus de la llengua"},"content":{"rendered":"<p style=\"text-align: justify;\"><strong>Alzira, 26 de febrero de 2019.-<\/strong> Ayer finalizaba la actividad programada por la Concejal\u00eda de Promoci\u00f3n del Valenciano del Ayuntamiento de Alzira, El Bus de la Llengua dentro de la campa\u00f1a \u00abSEMPRE TEUA, La teua llengua\u00bb de la Conseller\u00eda de Educaci\u00f3n.<\/p>\n<p style=\"text-align: justify;\">A lo largo de dos d\u00edas, el Bus de la Llengua ha repartido el material de difusi\u00f3n de la campa\u00f1a: chapas, camisetas, l\u00e1pices etc. Adem\u00e1s, ha dispuesto de monitores para la realizaci\u00f3n de actividades l\u00fadicas, con una clara vocaci\u00f3n de fomento de actitudes positivas hacia la lengua.<\/p>\n<p style=\"text-align: justify;\">La ubicaci\u00f3n del autob\u00fas ha sido la zona de la Mancomunidad de la Ribera (calle Naranjo, junto a la plaza Elisa Ram\u00edrez), el d\u00eda 22 de febrero, y la plaza del Carb\u00f3n, frente al Ayuntamiento, el 25 de febrero.<\/p>\n<p style=\"text-align: justify;\">Desde las 9.20 de la ma\u00f1ana hasta las 4 de la tarde, los alumnos de los centros educativos de Alzira han realizado actividades y talleres con los monitores del Bus de la Llengua. \u00abLos talleres dise\u00f1ados pretenden ser divertidos, inclusivos, creativos, motivadores y participativos. Por ello, desde los m\u00e1s peque\u00f1os hasta los m\u00e1s mayores, han podido realizar actividades l\u00fadicas y de aprecio por la lengua, y han vivido una experiencia de la que guardan un buen recuerdo\u00bb, ha explicado la concejala de Promoci\u00f3n del Valenciano del Ayuntamiento de Alzira, Ginestar. \u00abCabe destacar que este autob\u00fas recorre diferentes municipios de la Comunidad Valenciana y tiene por objetivo que toda la poblaci\u00f3n valenciana se sienta orgullosa de tener tambi\u00e9n el valenciano como lengua oficial\u00bb, concluy\u00f3 Ginestar.<\/p>\n<p style=\"text-align: justify;\">La primera jornada se acercaron hasta la plaza Elisa Ram\u00edrez un total de 200 ni\u00f1os en grupos de 25 de las escuelas: Garc\u00eda Lorca, Gloria Fuertes, Ausi\u00e0s March y tambi\u00e9n asistieron dos grupos de alumnos del Rey En IES Jaume.<\/p>\n<p style=\"text-align: justify;\">En el caso de la jornada de ayer lunes fueron poco m\u00e1s de 200 los participantes de las escuelas de Tirant Lo Blanc, Luis Vives, La Pur\u00edsima y C.E. J\u00facar.<\/p>\n<p style=\"text-align: justify;\"><strong>SEMPRE TEUA, La teua llengua<\/strong><br \/>SEMPRE TEUA, La teua llengua&nbsp;es el nombre de la campa\u00f1a institucional de promoci\u00f3n del valenciano de la Generalitat Valenciana.<\/p>\n<p style=\"text-align: justify;\">La campa\u00f1a fue presentada el 26 de septiembre de 2017, coincidiendo con la celebraci\u00f3n del D\u00eda Europeo de las Lenguas, y se extender\u00e1 hasta la primavera de 2019 con una serie de actividades que se podr\u00e1n seguir desde esta p\u00e1gina web : <span style=\"color: #0000ff;\">http:\/\/www.sempreteua.gva.es\/<\/span><\/p>\n<p style=\"text-align: justify;\">La Generalitat tiene el deber estatutario de proteger y recuperar el valenciano, as\u00ed como de garantizar su uso normal. Por todo ello, se pretende incrementar el n\u00famero de usuarios y los usos en los hablantes, al tiempo incrementar el prestigio social de la lengua propia.<\/p>\n<p style=\"text-align: center;\"><a href=\"https:\/\/alzira.es\/wp-content\/uploads\/2019\/02\/IMG_9745.jpg\" target=\"_blank\" rel=\"noopener\"><img fetchpriority=\"high\" decoding=\"async\" class=\" size-full wp-image-39121\" title=\"M\u00e1s de 400 ni\u00f1os visitan El bus de la llengua\" src=\"https:\/\/alzira.es\/wp-content\/uploads\/2019\/02\/IMG_9745.jpg\" alt=\"IMG 9745\" width=\"400\" height=\"267\" \/><\/a>&nbsp;<a href=\"https:\/\/alzira.es\/wp-content\/uploads\/2019\/02\/IMG_9749.jpg\" target=\"_blank\" rel=\"noopener\"><img decoding=\"async\" class=\"size-full wp-image-39124 lazyload\" title=\"M\u00e1s de 400 ni\u00f1os visitan El bus de la llengua\" data-src=\"https:\/\/alzira.es\/wp-content\/uploads\/2019\/02\/IMG_9749.jpg\" alt=\"IMG 9749\" width=\"400\" height=\"267\" src=\"data:image\/svg+xml;base64,PHN2ZyB3aWR0aD0iMSIgaGVpZ2h0PSIxIiB4bWxucz0iaHR0cDovL3d3dy53My5vcmcvMjAwMC9zdmciPjwvc3ZnPg==\" style=\"--smush-placeholder-width: 400px; --smush-placeholder-aspect-ratio: 400\/267;\" \/><\/a><\/p>\n","protected":false},"excerpt":{"rendered":"<p>Alzira, 26 de febrero de 2019.- Ayer finalizaba la actividad programada por la Concejal\u00eda de Promoci\u00f3n del Valenciano del Ayuntamiento de Alzira, El Bus de la Llengua dentro de la campa\u00f1a \u00abSEMPRE TEUA, La teua llengua\u00bb de la Conseller\u00eda de Educaci\u00f3n. A lo largo de dos d\u00edas, el Bus de la Llengua ha repartido el &hellip; <\/p>\n<p class=\"link-more\"><a href=\"https:\/\/alzira.es\/es\/mas-de-400-ninos-visitan-el-bus-de-la-llengua\/\" class=\"more-link\">Continuar leyendo<span class=\"screen-reader-text\"> \u00abM\u00e1s de 400 ni\u00f1os visitan El bus de la llengua\u00bb<\/span><\/a><\/p>\n","protected":false},"author":12,"featured_media":39121,"comment_status":"","ping_status":"","sticky":false,"template":"","format":"standard","meta":{"_acf_changed":false,"footnotes":""},"categories":[4936],"tags":[],"class_list":["post-39126","post","type-post","status-publish","format-standard","has-post-thumbnail","hentry","category-hemeroteca-es"],"acf":[],"_links":{"self":[{"href":"https:\/\/alzira.es\/es\/wp-json\/wp\/v2\/posts\/39126","targetHints":{"allow":["GET"]}}],"collection":[{"href":"https:\/\/alzira.es\/es\/wp-json\/wp\/v2\/posts"}],"about":[{"href":"https:\/\/alzira.es\/es\/wp-json\/wp\/v2\/types\/post"}],"author":[{"embeddable":true,"href":"https:\/\/alzira.es\/es\/wp-json\/wp\/v2\/users\/12"}],"replies":[{"embeddable":true,"href":"https:\/\/alzira.es\/es\/wp-json\/wp\/v2\/comments?post=39126"}],"version-history":[{"count":0,"href":"https:\/\/alzira.es\/es\/wp-json\/wp\/v2\/posts\/39126\/revisions"}],"wp:featuredmedia":[{"embeddable":true,"href":"https:\/\/alzira.es\/es\/wp-json\/wp\/v2\/media\/39121"}],"wp:attachment":[{"href":"https:\/\/alzira.es\/es\/wp-json\/wp\/v2\/media?parent=39126"}],"wp:term":[{"taxonomy":"category","embeddable":true,"href":"https:\/\/alzira.es\/es\/wp-json\/wp\/v2\/categories?post=39126"},{"taxonomy":"post_tag","embeddable":true,"href":"https:\/\/alzira.es\/es\/wp-json\/wp\/v2\/tags?post=39126"}],"curies":[{"name":"wp","href":"https:\/\/api.w.org\/{rel}","templated":true}]}}