{"id":39116,"date":"2019-02-26T15:24:21","date_gmt":"2019-02-26T14:24:21","guid":{"rendered":"https:\/\/alzira.es\/el-director-general-de-vivenda-rafael-briet-visita-alzira-amb-el-proposit-de-fer-inversio-en-vivendes-de-la-ciutat\/"},"modified":"2019-02-26T15:24:21","modified_gmt":"2019-02-26T14:24:21","slug":"el-director-general-de-vivenda-rafael-briet-visita-alzira-amb-el-proposit-de-fer-inversio-en-vivendes-de-la-ciutat","status":"publish","type":"post","link":"https:\/\/alzira.es\/es\/el-director-general-de-vivenda-rafael-briet-visita-alzira-amb-el-proposit-de-fer-inversio-en-vivendes-de-la-ciutat\/","title":{"rendered":"El director general de Vivenda, Rafael Briet, visita Alzira amb el prop\u00f2sit de fer inversi\u00f3 en vivendes de la ciutat"},"content":{"rendered":"<p style=\"text-align: justify;\"><strong><a href=\"https:\/\/alzira.es\/wp-content\/uploads\/2019\/02\/20190226_114432.jpg\" target=\"_blank\" rel=\"noopener\"><img fetchpriority=\"high\" decoding=\"async\" class=\" alignleft size-full wp-image-39111\" style=\"margin-right: 10px; float: left;\" title=\"El director general de Vivenda, Rafael Briet, visita Alzira amb el prop\u00f2sit de fer inversi\u00f3 en vivendes de la ciutat\" src=\"https:\/\/alzira.es\/wp-content\/uploads\/2019\/02\/20190226_114432.jpg\" alt=\"20190226 114432\" width=\"600\" height=\"450\" srcset=\"https:\/\/alzira.es\/wp-content\/uploads\/2019\/02\/20190226_114432.jpg 1200w, https:\/\/alzira.es\/wp-content\/uploads\/2019\/02\/20190226_114432-680x510.jpg 680w, https:\/\/alzira.es\/wp-content\/uploads\/2019\/02\/20190226_114432-768x576.jpg 768w\" sizes=\"(max-width: 600px) 100vw, 600px\" \/><\/a>Alzira, 26 de febrer 2019 \u2013<\/strong> Durant el mat\u00ed de dimarts, el director general de Vivenda, Rafael Briet, junt amb la directora general de l&#8217;Evha, Laura Soto, han visitat la ciutat d&#8217;Alzira acompanyats pel regidor de Gesti\u00f3 Urban\u00edstica, Fernando Pascual, la cap del departament d&#8217;Urbanisme i t\u00e8cnics municipals, per tal d&#8217;explicar amb detall quina \u00e9s la situaci\u00f3 de la pla\u00e7a de la Ribera, m\u00e9s concretament d&#8217;un dels blocs que actualment est\u00e0 declarat en ru\u00efna.<\/p>\n<p style=\"text-align: justify;\">Durant la visita, el director general s&#8217;ha comprom\u00e9s a enviar dem\u00e0 dimecres 27 de febrer un equip t\u00e8cnic que junt amb els t\u00e8cnics municipals realitzaran una revisi\u00f3 a l&#8217;edifici, per tal d&#8217;avaluar la situaci\u00f3 real i actual, per poder reparar i posar soluci\u00f3 a les defici\u00e8ncies de les vivendes que es troben en estat deficitari. Despr\u00e9s d&#8217;una primera avaluaci\u00f3, es portar\u00e0 a terme una l\u00ednia a seguir en les actuacions de reparacions el m\u00e9s prompte possible i quan ho permeten els pertinents procediments.<\/p>\n<p style=\"text-align: justify;\">Segons ha declarat el director general, Rafael Briet: \u00abUna volta realitzada l&#8217;inspecci\u00f3 i tingam damunt la taula l&#8217;avaluaci\u00f3 completa de totes les actuacions necess\u00e0ries en l&#8217;edifici, per tal que complisca les condicions adequades, des de la Conselleria mantenim el comprom\u00eds de fer un ARRU, en 2020, amb l&#8217;objectiu d&#8217;arreglar les vivendes socials\u00bb.<\/p>\n<p style=\"text-align: justify;\">Al mateix temps, Fernando Pascual, regidor de Gesti\u00f3 Urban\u00edstica ha declarat al respecte: \u00abEste \u00e9s un gran pas cap a l&#8217;estudi de f\u00f3rmules de conveni de col\u2022laboraci\u00f3 per tal d&#8217;assumir la delegaci\u00f3 de les compet\u00e8ncies de manteniment dels edificis, per part de l&#8217;Ajuntament d&#8217;Alzira amb l&#8217;aportaci\u00f3 econ\u00f2mica de la Conselleria\u00bb.<strong><br \/><\/strong><\/p>\n","protected":false},"excerpt":{"rendered":"<p>Alzira, 26 de febrer 2019 \u2013 Durant el mat\u00ed de dimarts, el director general de Vivenda, Rafael Briet, junt amb la directora general de l&#8217;Evha, Laura Soto, han visitat la ciutat d&#8217;Alzira acompanyats pel regidor de Gesti\u00f3 Urban\u00edstica, Fernando Pascual, la cap del departament d&#8217;Urbanisme i t\u00e8cnics municipals, per tal d&#8217;explicar amb detall quina \u00e9s &hellip; <\/p>\n<p class=\"link-more\"><a href=\"https:\/\/alzira.es\/es\/el-director-general-de-vivenda-rafael-briet-visita-alzira-amb-el-proposit-de-fer-inversio-en-vivendes-de-la-ciutat\/\" class=\"more-link\">Continuar leyendo<span class=\"screen-reader-text\"> \u00abEl director general de Vivenda, Rafael Briet, visita Alzira amb el prop\u00f2sit de fer inversi\u00f3 en vivendes de la ciutat\u00bb<\/span><\/a><\/p>\n","protected":false},"author":12,"featured_media":39111,"comment_status":"","ping_status":"","sticky":false,"template":"","format":"standard","meta":{"_acf_changed":false,"footnotes":""},"categories":[],"tags":[],"class_list":["post-39116","post","type-post","status-publish","format-standard","has-post-thumbnail","hentry"],"acf":[],"_links":{"self":[{"href":"https:\/\/alzira.es\/es\/wp-json\/wp\/v2\/posts\/39116","targetHints":{"allow":["GET"]}}],"collection":[{"href":"https:\/\/alzira.es\/es\/wp-json\/wp\/v2\/posts"}],"about":[{"href":"https:\/\/alzira.es\/es\/wp-json\/wp\/v2\/types\/post"}],"author":[{"embeddable":true,"href":"https:\/\/alzira.es\/es\/wp-json\/wp\/v2\/users\/12"}],"replies":[{"embeddable":true,"href":"https:\/\/alzira.es\/es\/wp-json\/wp\/v2\/comments?post=39116"}],"version-history":[{"count":0,"href":"https:\/\/alzira.es\/es\/wp-json\/wp\/v2\/posts\/39116\/revisions"}],"wp:featuredmedia":[{"embeddable":true,"href":"https:\/\/alzira.es\/es\/wp-json\/wp\/v2\/media\/39111"}],"wp:attachment":[{"href":"https:\/\/alzira.es\/es\/wp-json\/wp\/v2\/media?parent=39116"}],"wp:term":[{"taxonomy":"category","embeddable":true,"href":"https:\/\/alzira.es\/es\/wp-json\/wp\/v2\/categories?post=39116"},{"taxonomy":"post_tag","embeddable":true,"href":"https:\/\/alzira.es\/es\/wp-json\/wp\/v2\/tags?post=39116"}],"curies":[{"name":"wp","href":"https:\/\/api.w.org\/{rel}","templated":true}]}}