{"id":39114,"date":"2019-02-26T15:24:21","date_gmt":"2019-02-26T14:24:21","guid":{"rendered":"https:\/\/alzira.es\/el-director-general-de-vivienda-rafael-briet-visita-alzira-con-el-proposito-de-hacer-inversion-en-viviendas-de-la-ciudad\/"},"modified":"2019-02-26T15:24:21","modified_gmt":"2019-02-26T14:24:21","slug":"el-director-general-de-vivienda-rafael-briet-visita-alzira-con-el-proposito-de-hacer-inversion-en-viviendas-de-la-ciudad","status":"publish","type":"post","link":"https:\/\/alzira.es\/es\/el-director-general-de-vivienda-rafael-briet-visita-alzira-con-el-proposito-de-hacer-inversion-en-viviendas-de-la-ciudad\/","title":{"rendered":"El director general de Vivienda, Rafael Briet, visita Alzira con el prop\u00f3sito de hacer inversi\u00f3n en viviendas de la ciudad"},"content":{"rendered":"<p style=\"text-align: justify;\"><strong><a href=\"https:\/\/alzira.es\/wp-content\/uploads\/2019\/02\/20190226_114432.jpg\" target=\"_blank\" rel=\"noopener\"><img fetchpriority=\"high\" decoding=\"async\" class=\" alignleft size-full wp-image-39111\" style=\"margin-right: 10px; float: left;\" title=\"El director general de Vivienda, Rafael Briet, visita Alzira con el prop\u00f3sito de hacer inversi\u00f3n en viviendas de la ciudad\" src=\"https:\/\/alzira.es\/wp-content\/uploads\/2019\/02\/20190226_114432.jpg\" alt=\"20190226 114432\" width=\"600\" height=\"450\" srcset=\"https:\/\/alzira.es\/wp-content\/uploads\/2019\/02\/20190226_114432.jpg 1200w, https:\/\/alzira.es\/wp-content\/uploads\/2019\/02\/20190226_114432-680x510.jpg 680w, https:\/\/alzira.es\/wp-content\/uploads\/2019\/02\/20190226_114432-768x576.jpg 768w\" sizes=\"(max-width: 600px) 100vw, 600px\" \/><\/a>Alzira, 26 de febrero 2019 &#8211;<\/strong> Durante la ma\u00f1ana del martes, el director general de Vivienda, Rafael Briet; junto con la directora general del Evha, Laura Soto; han visitado la ciudad de Alzira acompa\u00f1ados por el concejal de Gesti\u00f3n Urban\u00edstica, Fernando Pascual; la jefa del departamento de Urbanismo y t\u00e9cnicos municipales, con el fin de explicar con detalle cu\u00e1l es la situaci\u00f3n de la plaza de la Ribera, m\u00e1s concretamente de uno de los bloques que actualmente est\u00e1 declarado en ruina.<\/p>\n<p style=\"text-align: justify;\">Durante la visita, el director general se ha comprometido a enviar ma\u00f1ana mi\u00e9rcoles 27 de febrero un equipo t\u00e9cnico que junto a los t\u00e9cnicos municipales realizar\u00e1n una revisi\u00f3n en el edificio, con el fin de evaluar la situaci\u00f3n real y actual, para poder reparar y poner soluci\u00f3n a las deficiencias de las viviendas que se encuentran en estado deficitario. Tras una primera evaluaci\u00f3n, se llevar\u00e1 a cabo una l\u00ednea a seguir en las actuaciones de reparaciones lo m\u00e1s pronto posible y cuando lo permitan los pertinentes procedimientos.<\/p>\n<p style=\"text-align: justify;\">Seg\u00fan ha declarado el director general Rafael Briet \u00abUna vez realizada la inspecci\u00f3n y ya tengamos sobre la mesa la evaluaci\u00f3n completa de todas las actuaciones necesarias en el edificio para que cumpla las condiciones adecuadas, desde la Conseller\u00eda mantenemos el compromiso de hacer un Arr\u00faa, en 2020, con el objetivo de arreglar las viviendas sociales\u00bb.<\/p>\n<p style=\"text-align: justify;\">Al mismo tiempo, Fernando Pascual, concejal de Gesti\u00f3n Urban\u00edstica ha declarado al respecto \u00abEste es un gran paso hacia el estudio de f\u00f3rmulas de convenio de colaboraci\u00f3n para asumir la delegaci\u00f3n de las competencias de mantenimiento de los edificios, por parte del Ayuntamiento de Alzira con la aportaci\u00f3n econ\u00f3mica de la Conseller\u00eda \u00ab.<\/p>\n","protected":false},"excerpt":{"rendered":"<p>Alzira, 26 de febrero 2019 &#8211; Durante la ma\u00f1ana del martes, el director general de Vivienda, Rafael Briet; junto con la directora general del Evha, Laura Soto; han visitado la ciudad de Alzira acompa\u00f1ados por el concejal de Gesti\u00f3n Urban\u00edstica, Fernando Pascual; la jefa del departamento de Urbanismo y t\u00e9cnicos municipales, con el fin de &hellip; <\/p>\n<p class=\"link-more\"><a href=\"https:\/\/alzira.es\/es\/el-director-general-de-vivienda-rafael-briet-visita-alzira-con-el-proposito-de-hacer-inversion-en-viviendas-de-la-ciudad\/\" class=\"more-link\">Continuar leyendo<span class=\"screen-reader-text\"> \u00abEl director general de Vivienda, Rafael Briet, visita Alzira con el prop\u00f3sito de hacer inversi\u00f3n en viviendas de la ciudad\u00bb<\/span><\/a><\/p>\n","protected":false},"author":12,"featured_media":39111,"comment_status":"","ping_status":"","sticky":false,"template":"","format":"standard","meta":{"_acf_changed":false,"footnotes":""},"categories":[4936],"tags":[],"class_list":["post-39114","post","type-post","status-publish","format-standard","has-post-thumbnail","hentry","category-hemeroteca-es"],"acf":[],"_links":{"self":[{"href":"https:\/\/alzira.es\/es\/wp-json\/wp\/v2\/posts\/39114","targetHints":{"allow":["GET"]}}],"collection":[{"href":"https:\/\/alzira.es\/es\/wp-json\/wp\/v2\/posts"}],"about":[{"href":"https:\/\/alzira.es\/es\/wp-json\/wp\/v2\/types\/post"}],"author":[{"embeddable":true,"href":"https:\/\/alzira.es\/es\/wp-json\/wp\/v2\/users\/12"}],"replies":[{"embeddable":true,"href":"https:\/\/alzira.es\/es\/wp-json\/wp\/v2\/comments?post=39114"}],"version-history":[{"count":0,"href":"https:\/\/alzira.es\/es\/wp-json\/wp\/v2\/posts\/39114\/revisions"}],"wp:featuredmedia":[{"embeddable":true,"href":"https:\/\/alzira.es\/es\/wp-json\/wp\/v2\/media\/39111"}],"wp:attachment":[{"href":"https:\/\/alzira.es\/es\/wp-json\/wp\/v2\/media?parent=39114"}],"wp:term":[{"taxonomy":"category","embeddable":true,"href":"https:\/\/alzira.es\/es\/wp-json\/wp\/v2\/categories?post=39114"},{"taxonomy":"post_tag","embeddable":true,"href":"https:\/\/alzira.es\/es\/wp-json\/wp\/v2\/tags?post=39114"}],"curies":[{"name":"wp","href":"https:\/\/api.w.org\/{rel}","templated":true}]}}