{"id":39109,"date":"2019-02-26T14:14:59","date_gmt":"2019-02-26T13:14:59","guid":{"rendered":"https:\/\/alzira.es\/l-ajuntament-d-alzira-cancel-la-i-arxiva-el-pai-del-rafol\/"},"modified":"2019-02-26T14:14:59","modified_gmt":"2019-02-26T13:14:59","slug":"l-ajuntament-d-alzira-cancel-la-i-arxiva-el-pai-del-rafol","status":"publish","type":"post","link":"https:\/\/alzira.es\/es\/l-ajuntament-d-alzira-cancel-la-i-arxiva-el-pai-del-rafol\/","title":{"rendered":"L\u2019Ajuntament d\u2019Alzira cancel\u2022la i arxiva el PAI del R\u00e0fol"},"content":{"rendered":"<p style=\"text-align: justify;\"><strong><a href=\"https:\/\/alzira.es\/wp-content\/uploads\/2019\/02\/PAI_RAFOL.jpg\" target=\"_blank\" rel=\"noopener\"><img fetchpriority=\"high\" decoding=\"async\" width=\"480\" height=\"458\" class=\" alignleft size-full wp-image-39105\" style=\"margin-right: 10px; float: left;\" title=\"L\u2019Ajuntament d\u2019Alzira cancel\u2022la i arxiva el PAI del R\u00e0fol\" src=\"https:\/\/alzira.es\/wp-content\/uploads\/2019\/02\/PAI_RAFOL.jpg\" alt=\"PAI RAFOL\" \/><\/a>Alzira, 26 de febrer de 2019-.<\/strong> L&#8217;Ajuntament d&#8217;Alzira t\u00e9 previst aprovar dem\u00e0 en el ple ordinari la cancel\u2022laci\u00f3 i l&#8217;arxivament del PAI de la Unitat d&#8217;Execuci\u00f3 de la partida del R\u00e0fol, situada al costat del riu X\u00faquer on una mercantil pretenia urbanitzar 500.000 metres quadrats per alternar un camp de golf de 9 forats amb una zona comercial i que va ser aprovat per anteriors governs municipals del PP i PSI.<\/p>\n<p style=\"text-align: justify;\">Una de les raons per rebutjar este PAI \u00e9s la manca de rectificaci\u00f3 d&#8217;informes, reiterats, per part de la mercantil que b\u00e0sicament es basa en l&#8217;alt ris d&#8217;inundaci\u00f3 d&#8217;esta zona.<\/p>\n<p style=\"text-align: justify;\">Despr\u00e9s de l&#8217;\u00faltima revisi\u00f3 del PGOU, les zones que queden per a creiximent urb\u00e0 d&#8217;Alzira s\u00f3n Tullell i el Torrej\u00f3, a banda del PAI de la Barraca, que ja estaven en l&#8217;anterior versi\u00f3 del Pla.<\/p>\n<p style=\"text-align: justify;\">\u00abS&#8217;ha demostrat que tots aquells PAI que havia enllestit el PP no eren necessaris, m\u00e9s el del R\u00e0fol que est\u00e0 qualificat amb un alt risc d&#8217;inudaci\u00f3\u00bb, ha assenyalat la regidora d&#8217;Urbanisme, Sara Gar\u00e9s.<\/p>\n<p style=\"text-align: justify;\">\u00abNosaltres apostem per un creiximent sostenible i amable de la ciutat, una ciutat que volem m\u00e9s verda i encarada per a les persones. La pol\u00edtica del PP quan governava era fer una ciutat per a 80.000 persones i que a nosaltres ens pareix una barbaritat\u00bb, ha recalcat Gar\u00e9s.<\/p>\n<p style=\"text-align: justify;\">&nbsp;<\/p>\n","protected":false},"excerpt":{"rendered":"<p>Alzira, 26 de febrer de 2019-. L&#8217;Ajuntament d&#8217;Alzira t\u00e9 previst aprovar dem\u00e0 en el ple ordinari la cancel\u2022laci\u00f3 i l&#8217;arxivament del PAI de la Unitat d&#8217;Execuci\u00f3 de la partida del R\u00e0fol, situada al costat del riu X\u00faquer on una mercantil pretenia urbanitzar 500.000 metres quadrats per alternar un camp de golf de 9 forats amb &hellip; <\/p>\n<p class=\"link-more\"><a href=\"https:\/\/alzira.es\/es\/l-ajuntament-d-alzira-cancel-la-i-arxiva-el-pai-del-rafol\/\" class=\"more-link\">Continuar leyendo<span class=\"screen-reader-text\"> \u00abL\u2019Ajuntament d\u2019Alzira cancel\u2022la i arxiva el PAI del R\u00e0fol\u00bb<\/span><\/a><\/p>\n","protected":false},"author":12,"featured_media":39105,"comment_status":"","ping_status":"","sticky":false,"template":"","format":"standard","meta":{"_acf_changed":false,"footnotes":""},"categories":[],"tags":[],"class_list":["post-39109","post","type-post","status-publish","format-standard","has-post-thumbnail","hentry"],"acf":[],"_links":{"self":[{"href":"https:\/\/alzira.es\/es\/wp-json\/wp\/v2\/posts\/39109","targetHints":{"allow":["GET"]}}],"collection":[{"href":"https:\/\/alzira.es\/es\/wp-json\/wp\/v2\/posts"}],"about":[{"href":"https:\/\/alzira.es\/es\/wp-json\/wp\/v2\/types\/post"}],"author":[{"embeddable":true,"href":"https:\/\/alzira.es\/es\/wp-json\/wp\/v2\/users\/12"}],"replies":[{"embeddable":true,"href":"https:\/\/alzira.es\/es\/wp-json\/wp\/v2\/comments?post=39109"}],"version-history":[{"count":0,"href":"https:\/\/alzira.es\/es\/wp-json\/wp\/v2\/posts\/39109\/revisions"}],"wp:featuredmedia":[{"embeddable":true,"href":"https:\/\/alzira.es\/es\/wp-json\/wp\/v2\/media\/39105"}],"wp:attachment":[{"href":"https:\/\/alzira.es\/es\/wp-json\/wp\/v2\/media?parent=39109"}],"wp:term":[{"taxonomy":"category","embeddable":true,"href":"https:\/\/alzira.es\/es\/wp-json\/wp\/v2\/categories?post=39109"},{"taxonomy":"post_tag","embeddable":true,"href":"https:\/\/alzira.es\/es\/wp-json\/wp\/v2\/tags?post=39109"}],"curies":[{"name":"wp","href":"https:\/\/api.w.org\/{rel}","templated":true}]}}