{"id":39107,"date":"2019-02-26T14:14:59","date_gmt":"2019-02-26T13:14:59","guid":{"rendered":"https:\/\/alzira.es\/el-ayuntamiento-de-alzira-cancela-y-archiva-el-pai-del-rafol\/"},"modified":"2019-02-26T14:14:59","modified_gmt":"2019-02-26T13:14:59","slug":"el-ayuntamiento-de-alzira-cancela-y-archiva-el-pai-del-rafol","status":"publish","type":"post","link":"https:\/\/alzira.es\/es\/el-ayuntamiento-de-alzira-cancela-y-archiva-el-pai-del-rafol\/","title":{"rendered":"El Ayuntamiento de Alzira cancela y archiva el PAI del R\u00e0fol"},"content":{"rendered":"<p style=\"text-align: justify;\"><strong><a href=\"https:\/\/alzira.es\/wp-content\/uploads\/2019\/02\/PAI_RAFOL.jpg\" target=\"_blank\" rel=\"noopener\"><img fetchpriority=\"high\" decoding=\"async\" width=\"480\" height=\"458\" class=\" alignleft size-full wp-image-39105\" style=\"margin-right: 10px; float: left;\" title=\"El Ayuntamiento de Alzira cancela y archiva el PAI del R\u00e0fol\" src=\"https:\/\/alzira.es\/wp-content\/uploads\/2019\/02\/PAI_RAFOL.jpg\" alt=\"PAI RAFOL\" \/><\/a>Alzira, 26 de febrero de 2019-<\/strong>. El Ayuntamiento de Alzira tiene previsto aprobar ma\u00f1ana en el pleno ordinario la cancelaci\u00f3n de la instalaci\u00f3n del PAI de la Unidad de Ejecuci\u00f3n de la partida del R\u00e0fol, situada junto al riu X\u00faquer donde una mercantil pretend\u00eda urbanizar 500.000 metros cuadrados para alternar un campo de golf de 9 hoyos con una zona comercial y que fue aprobado por anteriores gobiernos municipales del PP y PSI.<\/p>\n<p style=\"text-align: justify;\">Una de las razones para rechazar este PAI es la falta de rectificaci\u00f3n de informes, reiterados, por parte de la mercantil que b\u00e1sicamente se basa en el alto rizo de inundaci\u00f3n de esta zona.<\/p>\n<p style=\"text-align: justify;\">Despu\u00e9s de la \u00faltima revisi\u00f3n del PGOU, las zonas que quedan para crecimiento urbano de Alzira son Tullell y el Torretx\u00f3, aparte del PAI de la Barraca, que ya estaban en la anterior versi\u00f3n del Plan.<\/p>\n<p style=\"text-align: justify;\">\u00abSe ha demostrado que todos aquellos PAI que hab\u00eda terminado el PP no eran necesarios, adem\u00e1s el del R\u00e0fol que est\u00e1 calificado con un alto riesgo de inudaci\u00f3\u00bb, ha se\u00f1alado la concejala de Urbanismo, Sara Gar\u00e9s.<\/p>\n<p style=\"text-align: justify;\">\u00abNosotros apostamos por un crecimiento sostenible y amable de la ciudad, una ciudad que queremos m\u00e1s verde y encarada para las personas. La pol\u00edtica del PP cuando gobernaba era hacer una ciudad para 80.000 personas y que a nosotros nos parece una barbaridad\u00bb, ha recalcado Gar\u00e9s.<\/p>\n","protected":false},"excerpt":{"rendered":"<p>Alzira, 26 de febrero de 2019-. El Ayuntamiento de Alzira tiene previsto aprobar ma\u00f1ana en el pleno ordinario la cancelaci\u00f3n de la instalaci\u00f3n del PAI de la Unidad de Ejecuci\u00f3n de la partida del R\u00e0fol, situada junto al riu X\u00faquer donde una mercantil pretend\u00eda urbanizar 500.000 metros cuadrados para alternar un campo de golf de &hellip; <\/p>\n<p class=\"link-more\"><a href=\"https:\/\/alzira.es\/es\/el-ayuntamiento-de-alzira-cancela-y-archiva-el-pai-del-rafol\/\" class=\"more-link\">Continuar leyendo<span class=\"screen-reader-text\"> \u00abEl Ayuntamiento de Alzira cancela y archiva el PAI del R\u00e0fol\u00bb<\/span><\/a><\/p>\n","protected":false},"author":12,"featured_media":39105,"comment_status":"","ping_status":"","sticky":false,"template":"","format":"standard","meta":{"_acf_changed":false,"footnotes":""},"categories":[4936],"tags":[],"class_list":["post-39107","post","type-post","status-publish","format-standard","has-post-thumbnail","hentry","category-hemeroteca-es"],"acf":[],"_links":{"self":[{"href":"https:\/\/alzira.es\/es\/wp-json\/wp\/v2\/posts\/39107","targetHints":{"allow":["GET"]}}],"collection":[{"href":"https:\/\/alzira.es\/es\/wp-json\/wp\/v2\/posts"}],"about":[{"href":"https:\/\/alzira.es\/es\/wp-json\/wp\/v2\/types\/post"}],"author":[{"embeddable":true,"href":"https:\/\/alzira.es\/es\/wp-json\/wp\/v2\/users\/12"}],"replies":[{"embeddable":true,"href":"https:\/\/alzira.es\/es\/wp-json\/wp\/v2\/comments?post=39107"}],"version-history":[{"count":0,"href":"https:\/\/alzira.es\/es\/wp-json\/wp\/v2\/posts\/39107\/revisions"}],"wp:featuredmedia":[{"embeddable":true,"href":"https:\/\/alzira.es\/es\/wp-json\/wp\/v2\/media\/39105"}],"wp:attachment":[{"href":"https:\/\/alzira.es\/es\/wp-json\/wp\/v2\/media?parent=39107"}],"wp:term":[{"taxonomy":"category","embeddable":true,"href":"https:\/\/alzira.es\/es\/wp-json\/wp\/v2\/categories?post=39107"},{"taxonomy":"post_tag","embeddable":true,"href":"https:\/\/alzira.es\/es\/wp-json\/wp\/v2\/tags?post=39107"}],"curies":[{"name":"wp","href":"https:\/\/api.w.org\/{rel}","templated":true}]}}