{"id":39103,"date":"2019-02-26T13:29:03","date_gmt":"2019-02-26T12:29:03","guid":{"rendered":"https:\/\/alzira.es\/alzira-tanca-la-xi-setmana-de-l-economia-amb-mes-de-1500-assistents\/"},"modified":"2019-02-26T13:29:03","modified_gmt":"2019-02-26T12:29:03","slug":"alzira-tanca-la-xi-setmana-de-l-economia-amb-mes-de-1500-assistents","status":"publish","type":"post","link":"https:\/\/alzira.es\/es\/alzira-tanca-la-xi-setmana-de-l-economia-amb-mes-de-1500-assistents\/","title":{"rendered":"Alzira tanca la XI Setmana de l\u2019Economia amb m\u00e9s de 1500 assistents"},"content":{"rendered":"<p style=\"text-align: justify;\"><strong><a href=\"https:\/\/alzira.es\/wp-content\/uploads\/2019\/02\/IMG_20190219_131318_541.jpg\" target=\"_blank\" rel=\"noopener\"><img fetchpriority=\"high\" decoding=\"async\" class=\" alignleft size-full wp-image-39098\" style=\"margin-right: 10px; float: left;\" title=\"Alzira tanca la XI Setmana de l\u2019Economia amb m\u00e9s de 1500 assistents\" src=\"https:\/\/alzira.es\/wp-content\/uploads\/2019\/02\/IMG_20190219_131318_541.jpg\" alt=\"IMG 20190219 131318 541\" width=\"600\" height=\"495\" srcset=\"https:\/\/alzira.es\/wp-content\/uploads\/2019\/02\/IMG_20190219_131318_541.jpg 1200w, https:\/\/alzira.es\/wp-content\/uploads\/2019\/02\/IMG_20190219_131318_541-619x510.jpg 619w, https:\/\/alzira.es\/wp-content\/uploads\/2019\/02\/IMG_20190219_131318_541-768x633.jpg 768w\" sizes=\"(max-width: 600px) 100vw, 600px\" \/><\/a>Alzira, 26 de febrer del 2019. <\/strong>L&#8217;Ajuntament d&#8217;Alzira, a trav\u00e9s de la Regidoria de Desenvolupament Econ\u00f2mic, Projectes Europeus i Treball i IDEA, ha tancat la Setmana de l&#8217;Economia amb m\u00e9s participaci\u00f3 que en els darrers anys.<\/p>\n<p style=\"text-align: justify;\">Segons ha explicat Ivan Mart\u00ednez, regidor responsable de l&#8217;\u00e0rea: \u00abha estat una setmana intensa, no sols per la participaci\u00f3 sin\u00f3 tamb\u00e9 perqu\u00e8 hem aconseguit consolidar els eixos tem\u00e0tics dels \u00faltims anys: l&#8217;agricultura i medi ambient; l&#8217;\u00e0mbit dels emprenedors\/es i els nous aut\u00f2noms; el comer\u00e7 local i tamb\u00e9 la col\u2022laboraci\u00f3 dels forners i forneres del poble amb la regany\u00e0. Igualment, han participat els principals actors econ\u00f2mics de la societat valenciana, sindicats majoritaris, pensionistes aix\u00ed com alguns economistes de prestigi i reconeguts pel gran p\u00fablic\u00bb.<\/p>\n<p style=\"text-align: justify;\">Per al regidor, aquest \u00e8xit, ha estat producte de l&#8217;impuls que ha obtingut l&#8217;ag\u00e8ncia de desenvolupament local, IDEA, una de les m\u00e9s importants a nivell valenci\u00e0, la qual ha passat de gestionar poc m\u00e9s d&#8217;1 mili\u00f3 d&#8217;euros en el 2015 a m\u00e9s de 5 en el 2018. Per a Mart\u00ednez, \u00aba m\u00e9s de la formaci\u00f3 tamb\u00e9 \u00e9s important el servei que s&#8217;ofereix com a ag\u00e8ncia de col\u2022locaci\u00f3, d&#8217;assessorament i recolzament a noves empreses. Nom\u00e9s l&#8217;any passat des d&#8217;IDEA es van tramitar m\u00e9s de 330 contractes de treball, es van atendre a m\u00e9s de 300 aut\u00f2noms i aut\u00f2nomes i s&#8217;han ajudat a crear 70 noves empreses en la nostra ciutat\u00bb.<\/p>\n<p style=\"text-align: justify;\">Finalment, Ivan Mart\u00ednez, anunci\u00e0 en la cloenda de les jornades, que des de l&#8217;Ajuntament es volen posar en marxa 5 nous reptes:<\/p>\n<p style=\"text-align: justify;\"><strong>1-<\/strong> Creaci\u00f3 d&#8217;una oficina per a facilitar tots els tr\u00e0mits que han de fer les empreses amb l&#8217;Ajuntament.<br \/><strong>2-<\/strong> Arbitrar noves ajudes a la contractaci\u00f3, per a aquelles empreses que oferisquen llocs de treball fixes i de qualitat.<br \/><strong>3-<\/strong> Eixamplar la formaci\u00f3 a \u00e0mbits que fins ara no s&#8217;ofertaven de qualificaci\u00f3 professional.<br \/><strong>4-<\/strong> Continuar donant suport a iniciatives d&#8217;emprenedores i emprenedors i nous negocis que aposten pel comer\u00e7 local amb qualitat.<br \/><strong>5-<\/strong> I, per \u00faltim, abocar-nos a l&#8217;economia verda i sostenible, que \u00e9s el futur per a la nostra comarca.<\/p>\n<p style=\"text-align: justify;\"><strong>&nbsp;<\/strong><\/p>\n","protected":false},"excerpt":{"rendered":"<p>Alzira, 26 de febrer del 2019. L&#8217;Ajuntament d&#8217;Alzira, a trav\u00e9s de la Regidoria de Desenvolupament Econ\u00f2mic, Projectes Europeus i Treball i IDEA, ha tancat la Setmana de l&#8217;Economia amb m\u00e9s participaci\u00f3 que en els darrers anys. Segons ha explicat Ivan Mart\u00ednez, regidor responsable de l&#8217;\u00e0rea: \u00abha estat una setmana intensa, no sols per la participaci\u00f3 &hellip; <\/p>\n<p class=\"link-more\"><a href=\"https:\/\/alzira.es\/es\/alzira-tanca-la-xi-setmana-de-l-economia-amb-mes-de-1500-assistents\/\" class=\"more-link\">Continuar leyendo<span class=\"screen-reader-text\"> \u00abAlzira tanca la XI Setmana de l\u2019Economia amb m\u00e9s de 1500 assistents\u00bb<\/span><\/a><\/p>\n","protected":false},"author":12,"featured_media":39098,"comment_status":"","ping_status":"","sticky":false,"template":"","format":"standard","meta":{"_acf_changed":false,"footnotes":""},"categories":[],"tags":[],"class_list":["post-39103","post","type-post","status-publish","format-standard","has-post-thumbnail","hentry"],"acf":[],"_links":{"self":[{"href":"https:\/\/alzira.es\/es\/wp-json\/wp\/v2\/posts\/39103","targetHints":{"allow":["GET"]}}],"collection":[{"href":"https:\/\/alzira.es\/es\/wp-json\/wp\/v2\/posts"}],"about":[{"href":"https:\/\/alzira.es\/es\/wp-json\/wp\/v2\/types\/post"}],"author":[{"embeddable":true,"href":"https:\/\/alzira.es\/es\/wp-json\/wp\/v2\/users\/12"}],"replies":[{"embeddable":true,"href":"https:\/\/alzira.es\/es\/wp-json\/wp\/v2\/comments?post=39103"}],"version-history":[{"count":0,"href":"https:\/\/alzira.es\/es\/wp-json\/wp\/v2\/posts\/39103\/revisions"}],"wp:featuredmedia":[{"embeddable":true,"href":"https:\/\/alzira.es\/es\/wp-json\/wp\/v2\/media\/39098"}],"wp:attachment":[{"href":"https:\/\/alzira.es\/es\/wp-json\/wp\/v2\/media?parent=39103"}],"wp:term":[{"taxonomy":"category","embeddable":true,"href":"https:\/\/alzira.es\/es\/wp-json\/wp\/v2\/categories?post=39103"},{"taxonomy":"post_tag","embeddable":true,"href":"https:\/\/alzira.es\/es\/wp-json\/wp\/v2\/tags?post=39103"}],"curies":[{"name":"wp","href":"https:\/\/api.w.org\/{rel}","templated":true}]}}