{"id":39096,"date":"2019-02-25T12:30:38","date_gmt":"2019-02-25T11:30:38","guid":{"rendered":"https:\/\/alzira.es\/l-ajuntament-acull-la-presentacio-de-la-historia-d-alzira\/"},"modified":"2019-02-25T12:30:38","modified_gmt":"2019-02-25T11:30:38","slug":"l-ajuntament-acull-la-presentacio-de-la-historia-d-alzira","status":"publish","type":"post","link":"https:\/\/alzira.es\/es\/l-ajuntament-acull-la-presentacio-de-la-historia-d-alzira\/","title":{"rendered":"L\u2019Ajuntament acull la presentaci\u00f3 de la \u201cHist\u00f2ria d\u2019Alzira\u201d"},"content":{"rendered":"<p style=\"text-align: justify;\"><strong><a href=\"https:\/\/alzira.es\/wp-content\/uploads\/2019\/02\/s.catalina_antes_y_ahora.jpg\" target=\"_blank\" rel=\"noopener\"><img fetchpriority=\"high\" decoding=\"async\" class=\" alignleft size-full wp-image-39084\" style=\"margin-right: 10px; float: left;\" title=\"L\u2019Ajuntament acull la presentaci\u00f3 de la \u201cHist\u00f2ria d\u2019Alzira\u201d \" src=\"https:\/\/alzira.es\/wp-content\/uploads\/2019\/02\/s.catalina_antes_y_ahora.jpg\" alt=\"s.catalina antes y ahora\" width=\"600\" height=\"400\" srcset=\"https:\/\/alzira.es\/wp-content\/uploads\/2019\/02\/s.catalina_antes_y_ahora.jpg 1200w, https:\/\/alzira.es\/wp-content\/uploads\/2019\/02\/s.catalina_antes_y_ahora-680x453.jpg 680w, https:\/\/alzira.es\/wp-content\/uploads\/2019\/02\/s.catalina_antes_y_ahora-768x512.jpg 768w\" sizes=\"(max-width: 600px) 100vw, 600px\" \/><\/a>Alzira, 25 de febrer de 2019.-<\/strong> El sal\u00f3 de sessions de l&#8217;Ajuntament d&#8217;Alzira ser\u00e0 l&#8217;escenari, este dimarts a les 20 hores, per a l&#8217;acte de presentaci\u00f3 en p\u00fablic de la <em>Hist\u00f2ria d&#8217;Alzira<\/em>, fruit del conveni de col\u2022laboraci\u00f3 subscrit en el seu dia per l&#8217;Ajuntament de la ciutat i la Universitat de Val\u00e8ncia, en el qual han col\u2022laborat m\u00e9s de mig centenar de professionals de la hist\u00f2ria, la geografia i l&#8217;art de la UV i historiadors i estudiosos de la nostra hist\u00f2ria local.<\/p>\n<p style=\"text-align: justify;\">A l&#8217;acte assistir\u00e0 el vicerector de Projecci\u00f3 Territorial i Societat de la UV, Jorge Hermosilla Pla.<\/p>\n<p style=\"text-align: justify;\">Cal recordar que el febrer de 2016 l&#8217;alcalde, Diego G\u00f3mez, i l&#8217;aleshores rector de la Univeristat de Val\u00e8ncia, Esteban Morcillo, signaren un conveni de col\u2022laboraci\u00f3 per a la realitzaci\u00f3 d&#8217;un projecte amb el qual es pretenia estudiar i analitzar la hist\u00f2ria d&#8217;Alzira, que contemplava les relacions amb el territori i les seues manifestacions art\u00edstiques. Aix\u00ed naixia <em>Alzira. Hist\u00f2ria, geografia i art. Passat i present.<\/em><\/p>\n<p style=\"text-align: justify;\">Es va crear una comissi\u00f3 mixta de seguiment i una comissi\u00f3 cient\u00edfica conformada per la doctora Esther Alba, degana de la Facultat de Geografia i Hist\u00f2ria de la UV, pel doctor Aureli\u00e0 Lair\u00f3n Pla, arxiver municipal i cronista de la ciutat, i per investigadors, tots ells professors dels departaments d&#8217;Arqueologia i Prehist\u00f2ria, d&#8217;Hist\u00f2ria Antiga, Hist\u00f2ria Medieval, d&#8217;Hist\u00f2ria Contempor\u00e0nia i d&#8217;Hist\u00f2ria de l&#8217;Art de la mateixa universitat valenciana.<\/p>\n<p style=\"text-align: justify;\">Este treball, propietat d&#8217;ambdues institucions, ser\u00e0 publicat per l&#8217;Ajuntament d&#8217;Alzira i s&#8217;editar\u00e0 en dos volums que eixiran a la llum al m\u00e9s prompte possible.<\/p>\n<p style=\"text-align: justify;\">&nbsp;<\/p>\n","protected":false},"excerpt":{"rendered":"<p>Alzira, 25 de febrer de 2019.- El sal\u00f3 de sessions de l&#8217;Ajuntament d&#8217;Alzira ser\u00e0 l&#8217;escenari, este dimarts a les 20 hores, per a l&#8217;acte de presentaci\u00f3 en p\u00fablic de la Hist\u00f2ria d&#8217;Alzira, fruit del conveni de col\u2022laboraci\u00f3 subscrit en el seu dia per l&#8217;Ajuntament de la ciutat i la Universitat de Val\u00e8ncia, en el qual &hellip; <\/p>\n<p class=\"link-more\"><a href=\"https:\/\/alzira.es\/es\/l-ajuntament-acull-la-presentacio-de-la-historia-d-alzira\/\" class=\"more-link\">Continuar leyendo<span class=\"screen-reader-text\"> \u00abL\u2019Ajuntament acull la presentaci\u00f3 de la \u201cHist\u00f2ria d\u2019Alzira\u201d\u00bb<\/span><\/a><\/p>\n","protected":false},"author":12,"featured_media":39084,"comment_status":"","ping_status":"","sticky":false,"template":"","format":"standard","meta":{"_acf_changed":false,"footnotes":""},"categories":[],"tags":[],"class_list":["post-39096","post","type-post","status-publish","format-standard","has-post-thumbnail","hentry"],"acf":[],"_links":{"self":[{"href":"https:\/\/alzira.es\/es\/wp-json\/wp\/v2\/posts\/39096","targetHints":{"allow":["GET"]}}],"collection":[{"href":"https:\/\/alzira.es\/es\/wp-json\/wp\/v2\/posts"}],"about":[{"href":"https:\/\/alzira.es\/es\/wp-json\/wp\/v2\/types\/post"}],"author":[{"embeddable":true,"href":"https:\/\/alzira.es\/es\/wp-json\/wp\/v2\/users\/12"}],"replies":[{"embeddable":true,"href":"https:\/\/alzira.es\/es\/wp-json\/wp\/v2\/comments?post=39096"}],"version-history":[{"count":0,"href":"https:\/\/alzira.es\/es\/wp-json\/wp\/v2\/posts\/39096\/revisions"}],"wp:featuredmedia":[{"embeddable":true,"href":"https:\/\/alzira.es\/es\/wp-json\/wp\/v2\/media\/39084"}],"wp:attachment":[{"href":"https:\/\/alzira.es\/es\/wp-json\/wp\/v2\/media?parent=39096"}],"wp:term":[{"taxonomy":"category","embeddable":true,"href":"https:\/\/alzira.es\/es\/wp-json\/wp\/v2\/categories?post=39096"},{"taxonomy":"post_tag","embeddable":true,"href":"https:\/\/alzira.es\/es\/wp-json\/wp\/v2\/tags?post=39096"}],"curies":[{"name":"wp","href":"https:\/\/api.w.org\/{rel}","templated":true}]}}