{"id":39094,"date":"2019-02-25T12:30:38","date_gmt":"2019-02-25T11:30:38","guid":{"rendered":"https:\/\/alzira.es\/el-ayuntamiento-acoge-la-presentacion-de-la-historia-d-alzira-el-acto-se-celebrara-en-el-salon-de-plenos-y-asistira-entre-otros-el-vicerrector-de-la-uv-jorge-hermosilla\/"},"modified":"2019-02-25T12:30:38","modified_gmt":"2019-02-25T11:30:38","slug":"el-ayuntamiento-acoge-la-presentacion-de-la-historia-d-alzira-el-acto-se-celebrara-en-el-salon-de-plenos-y-asistira-entre-otros-el-vicerrector-de-la-uv-jorge-hermosilla","status":"publish","type":"post","link":"https:\/\/alzira.es\/es\/el-ayuntamiento-acoge-la-presentacion-de-la-historia-d-alzira-el-acto-se-celebrara-en-el-salon-de-plenos-y-asistira-entre-otros-el-vicerrector-de-la-uv-jorge-hermosilla\/","title":{"rendered":"El Ayuntamiento acoge la presentaci\u00f3n de la \u00abHist\u00f2ria d\u2019Alzira\u00bb"},"content":{"rendered":"<p style=\"text-align: justify;\"><strong><a href=\"https:\/\/alzira.es\/wp-content\/uploads\/2019\/02\/s.catalina_antes_y_ahora.jpg\" target=\"_blank\" rel=\"noopener\"><img fetchpriority=\"high\" decoding=\"async\" class=\" alignleft size-full wp-image-39084\" style=\"margin-right: 10px; float: left;\" title=\"El Ayuntamiento acoge la presentaci\u00f3n de la &quot;Hist\u00f2ria d\u2019Alzira&quot; El acto se celebrar\u00e1 en el sal\u00f3n de plenos y asistir\u00e1, entre otros, el vicerrector de la UV, Jorge Hermosilla\" src=\"https:\/\/alzira.es\/wp-content\/uploads\/2019\/02\/s.catalina_antes_y_ahora.jpg\" alt=\"s.catalina antes y ahora\" width=\"600\" height=\"400\" srcset=\"https:\/\/alzira.es\/wp-content\/uploads\/2019\/02\/s.catalina_antes_y_ahora.jpg 1200w, https:\/\/alzira.es\/wp-content\/uploads\/2019\/02\/s.catalina_antes_y_ahora-680x453.jpg 680w, https:\/\/alzira.es\/wp-content\/uploads\/2019\/02\/s.catalina_antes_y_ahora-768x512.jpg 768w\" sizes=\"(max-width: 600px) 100vw, 600px\" \/><\/a>Alzira, 25 de febrero de 2019.-<\/strong> El sal\u00f3n de sesiones del Ayuntamiento de Alzira ser\u00e1 el escenario, este martes a las 20 horas, para el acto de presentaci\u00f3n en p\u00fablico de la <em>Hist\u00f2ria d&#8217;Alzira<\/em>, fruto del convenio de colaboraci\u00f3n suscrito en su d\u00eda por el Ayuntamiento de la ciudad y la Universidad de Valencia, en el que han colaborado m\u00e1s de medio centenar de profesionales de la historia, la geograf\u00eda y el arte de la UV junto con historiadores y estudiosos de nuestra historia local.<\/p>\n<p style=\"text-align: justify;\">Al acto asistir\u00e1 el vicerrector de Proyecci\u00f3n Territorial y Sociedad de la UV, Jorge Hermosilla Pla.<\/p>\n<p style=\"text-align: justify;\">Hay que recordar que en febrero de 2016 el alcalde, Diego G\u00f3mez; y el entonces rector de la Universitat de Valencia, Esteban Morcillo; firmaron un convenio de colaboraci\u00f3n para la realizaci\u00f3n de un proyecto con el que se pretend\u00eda estudiar y analizar la historia de Alzira, que contemplaba las relaciones con el territorio y sus manifestaciones art\u00edsticas. As\u00ed nac\u00eda&nbsp;<em>Alzira. Hist\u00f2ria, geografia i art. Passat i present.<\/em><\/p>\n<p style=\"text-align: justify;\">Se cre\u00f3 una comisi\u00f3n mixta de seguimiento y una comisi\u00f3n cient\u00edfica conformada por la doctora Esther Alba, Decana de la Facultad de Geograf\u00eda e Historia de la UV; por el doctor Aureliano Lair\u00f3n Pla, archivero municipal y cronista de la ciudad; y por investigadores, todos ellos profesores de los departamentos de Arqueolog\u00eda y Prehistoria, de Historia Antigua, Historia Medieval, de Historia Contempor\u00e1nea y de Historia del Arte de la misma universidad valenciana.<\/p>\n<p style=\"text-align: justify;\">Este trabajo, propiedad de ambas instituciones, ser\u00e1 publicado por el Ayuntamiento de Alzira y se editar\u00e1 en dos vol\u00famenes que saldr\u00e1n a la luz lo m\u00e1s pronto posible.<\/p>\n","protected":false},"excerpt":{"rendered":"<p>Alzira, 25 de febrero de 2019.- El sal\u00f3n de sesiones del Ayuntamiento de Alzira ser\u00e1 el escenario, este martes a las 20 horas, para el acto de presentaci\u00f3n en p\u00fablico de la Hist\u00f2ria d&#8217;Alzira, fruto del convenio de colaboraci\u00f3n suscrito en su d\u00eda por el Ayuntamiento de la ciudad y la Universidad de Valencia, en &hellip; <\/p>\n<p class=\"link-more\"><a href=\"https:\/\/alzira.es\/es\/el-ayuntamiento-acoge-la-presentacion-de-la-historia-d-alzira-el-acto-se-celebrara-en-el-salon-de-plenos-y-asistira-entre-otros-el-vicerrector-de-la-uv-jorge-hermosilla\/\" class=\"more-link\">Continuar leyendo<span class=\"screen-reader-text\"> \u00abEl Ayuntamiento acoge la presentaci\u00f3n de la \u00abHist\u00f2ria d\u2019Alzira\u00bb\u00bb<\/span><\/a><\/p>\n","protected":false},"author":12,"featured_media":39084,"comment_status":"","ping_status":"","sticky":false,"template":"","format":"standard","meta":{"_acf_changed":false,"footnotes":""},"categories":[4936],"tags":[],"class_list":["post-39094","post","type-post","status-publish","format-standard","has-post-thumbnail","hentry","category-hemeroteca-es"],"acf":[],"_links":{"self":[{"href":"https:\/\/alzira.es\/es\/wp-json\/wp\/v2\/posts\/39094","targetHints":{"allow":["GET"]}}],"collection":[{"href":"https:\/\/alzira.es\/es\/wp-json\/wp\/v2\/posts"}],"about":[{"href":"https:\/\/alzira.es\/es\/wp-json\/wp\/v2\/types\/post"}],"author":[{"embeddable":true,"href":"https:\/\/alzira.es\/es\/wp-json\/wp\/v2\/users\/12"}],"replies":[{"embeddable":true,"href":"https:\/\/alzira.es\/es\/wp-json\/wp\/v2\/comments?post=39094"}],"version-history":[{"count":0,"href":"https:\/\/alzira.es\/es\/wp-json\/wp\/v2\/posts\/39094\/revisions"}],"wp:featuredmedia":[{"embeddable":true,"href":"https:\/\/alzira.es\/es\/wp-json\/wp\/v2\/media\/39084"}],"wp:attachment":[{"href":"https:\/\/alzira.es\/es\/wp-json\/wp\/v2\/media?parent=39094"}],"wp:term":[{"taxonomy":"category","embeddable":true,"href":"https:\/\/alzira.es\/es\/wp-json\/wp\/v2\/categories?post=39094"},{"taxonomy":"post_tag","embeddable":true,"href":"https:\/\/alzira.es\/es\/wp-json\/wp\/v2\/tags?post=39094"}],"curies":[{"name":"wp","href":"https:\/\/api.w.org\/{rel}","templated":true}]}}