{"id":39082,"date":"2019-02-22T13:48:30","date_gmt":"2019-02-22T12:48:30","guid":{"rendered":"https:\/\/alzira.es\/els-centres-educatius-d-alzira-continuen-les-visites-guiades-a-la-planta-de-tractament-de-residus-de-guadassuar\/"},"modified":"2019-02-22T13:48:30","modified_gmt":"2019-02-22T12:48:30","slug":"els-centres-educatius-d-alzira-continuen-les-visites-guiades-a-la-planta-de-tractament-de-residus-de-guadassuar","status":"publish","type":"post","link":"https:\/\/alzira.es\/es\/els-centres-educatius-d-alzira-continuen-les-visites-guiades-a-la-planta-de-tractament-de-residus-de-guadassuar\/","title":{"rendered":"Els centres educatius d\u2019Alzira continuen les visites guiades a la planta de tractament de residus de Guadassuar"},"content":{"rendered":"<p style=\"text-align: justify;\"><strong>Alzira, 22 de febrer de 2019 \u2013<\/strong> El CP Alborx\u00ed d&#8217;Alzira ha visitat este mat\u00ed de divendres la planta de tractament de residus de Guadassuar, dins del pla de visites gratu\u00eftes organitzades des de la Regidoria de Gesti\u00f3 Urban\u00edstica de l&#8217;Ajuntament d&#8217;Alzira. Unes visites realitzades en col\u2022laboraci\u00f3 amb el Consorci Ribera-Valldigna, per a tots els centres educatius de la nostra ciutat i la comarca amb l&#8217;objectiu d&#8217;informar, tant el professorat com l&#8217;alumnat, que una de les principals tasques a tindre en compte \u00e9s el reciclatge en origen.<\/p>\n<p style=\"text-align: justify;\">Fernando Pascual, regidor de Gesti\u00f3 Urban\u00edstica i vicepresident del Consorci Ribera-Valldigna, ha estat acompanyant els xiquets i xiquetes de l&#8217;Alborx\u00ed i ha declarat al respecte: \u00ab\u00c9s important que els joves coneguen de primera m\u00e0 quin \u00e9s el problema que provoquem amb el fem que generem, on va i les mol\u00e8sties que ocasiona. Estem vivint una \u00e8poca en qu\u00e8 hem de ser conscients de les mesures al nostre abast per tal de ser respectuosos amb el medi ambient, i com cuidar el nostre entorn com si fora casa nostra\u00bb.<\/p>\n<p style=\"text-align: justify;\">&nbsp;<\/p>\n<p style=\"text-align: center;\"><a href=\"https:\/\/alzira.es\/wp-content\/uploads\/2019\/02\/20190222_100034.jpg\" target=\"_blank\" rel=\"noopener\"><img fetchpriority=\"high\" decoding=\"async\" class=\" size-full wp-image-39075\" title=\"Els centres educatius d\u2019Alzira continuen les visites guiades a la planta de tractament de residus de Guadassuar\" src=\"https:\/\/alzira.es\/wp-content\/uploads\/2019\/02\/20190222_100034.jpg\" alt=\"20190222 100034\" width=\"400\" height=\"300\" srcset=\"https:\/\/alzira.es\/wp-content\/uploads\/2019\/02\/20190222_100034.jpg 1200w, https:\/\/alzira.es\/wp-content\/uploads\/2019\/02\/20190222_100034-680x510.jpg 680w, https:\/\/alzira.es\/wp-content\/uploads\/2019\/02\/20190222_100034-768x576.jpg 768w\" sizes=\"(max-width: 400px) 100vw, 400px\" \/><\/a>&nbsp;<a href=\"https:\/\/alzira.es\/wp-content\/uploads\/2019\/02\/20190222_104144.jpg\" target=\"_blank\" rel=\"noopener\"><img decoding=\"async\" class=\"size-full wp-image-39077 lazyload\" title=\"Els centres educatius d\u2019Alzira continuen les visites guiades a la planta de tractament de residus de Guadassuar\" data-src=\"https:\/\/alzira.es\/wp-content\/uploads\/2019\/02\/20190222_104144.jpg\" alt=\"20190222 104144\" width=\"400\" height=\"300\" data-srcset=\"https:\/\/alzira.es\/wp-content\/uploads\/2019\/02\/20190222_104144.jpg 1200w, https:\/\/alzira.es\/wp-content\/uploads\/2019\/02\/20190222_104144-680x510.jpg 680w, https:\/\/alzira.es\/wp-content\/uploads\/2019\/02\/20190222_104144-768x576.jpg 768w\" data-sizes=\"(max-width: 400px) 100vw, 400px\" src=\"data:image\/svg+xml;base64,PHN2ZyB3aWR0aD0iMSIgaGVpZ2h0PSIxIiB4bWxucz0iaHR0cDovL3d3dy53My5vcmcvMjAwMC9zdmciPjwvc3ZnPg==\" style=\"--smush-placeholder-width: 400px; --smush-placeholder-aspect-ratio: 400\/300;\" \/><\/a><\/p>\n","protected":false},"excerpt":{"rendered":"<p>Alzira, 22 de febrer de 2019 \u2013 El CP Alborx\u00ed d&#8217;Alzira ha visitat este mat\u00ed de divendres la planta de tractament de residus de Guadassuar, dins del pla de visites gratu\u00eftes organitzades des de la Regidoria de Gesti\u00f3 Urban\u00edstica de l&#8217;Ajuntament d&#8217;Alzira. Unes visites realitzades en col\u2022laboraci\u00f3 amb el Consorci Ribera-Valldigna, per a tots els &hellip; <\/p>\n<p class=\"link-more\"><a href=\"https:\/\/alzira.es\/es\/els-centres-educatius-d-alzira-continuen-les-visites-guiades-a-la-planta-de-tractament-de-residus-de-guadassuar\/\" class=\"more-link\">Continuar leyendo<span class=\"screen-reader-text\"> \u00abEls centres educatius d\u2019Alzira continuen les visites guiades a la planta de tractament de residus de Guadassuar\u00bb<\/span><\/a><\/p>\n","protected":false},"author":12,"featured_media":39075,"comment_status":"","ping_status":"","sticky":false,"template":"","format":"standard","meta":{"_acf_changed":false,"footnotes":""},"categories":[],"tags":[],"class_list":["post-39082","post","type-post","status-publish","format-standard","has-post-thumbnail","hentry"],"acf":[],"_links":{"self":[{"href":"https:\/\/alzira.es\/es\/wp-json\/wp\/v2\/posts\/39082","targetHints":{"allow":["GET"]}}],"collection":[{"href":"https:\/\/alzira.es\/es\/wp-json\/wp\/v2\/posts"}],"about":[{"href":"https:\/\/alzira.es\/es\/wp-json\/wp\/v2\/types\/post"}],"author":[{"embeddable":true,"href":"https:\/\/alzira.es\/es\/wp-json\/wp\/v2\/users\/12"}],"replies":[{"embeddable":true,"href":"https:\/\/alzira.es\/es\/wp-json\/wp\/v2\/comments?post=39082"}],"version-history":[{"count":0,"href":"https:\/\/alzira.es\/es\/wp-json\/wp\/v2\/posts\/39082\/revisions"}],"wp:featuredmedia":[{"embeddable":true,"href":"https:\/\/alzira.es\/es\/wp-json\/wp\/v2\/media\/39075"}],"wp:attachment":[{"href":"https:\/\/alzira.es\/es\/wp-json\/wp\/v2\/media?parent=39082"}],"wp:term":[{"taxonomy":"category","embeddable":true,"href":"https:\/\/alzira.es\/es\/wp-json\/wp\/v2\/categories?post=39082"},{"taxonomy":"post_tag","embeddable":true,"href":"https:\/\/alzira.es\/es\/wp-json\/wp\/v2\/tags?post=39082"}],"curies":[{"name":"wp","href":"https:\/\/api.w.org\/{rel}","templated":true}]}}