{"id":39080,"date":"2019-02-22T13:48:30","date_gmt":"2019-02-22T12:48:30","guid":{"rendered":"https:\/\/alzira.es\/los-centros-educativos-de-alzira-continuan-las-visitas-guiadas-a-la-planta-de-tratamiento-de-residuos-de-guadassuar\/"},"modified":"2019-02-22T13:48:30","modified_gmt":"2019-02-22T12:48:30","slug":"los-centros-educativos-de-alzira-continuan-las-visitas-guiadas-a-la-planta-de-tratamiento-de-residuos-de-guadassuar","status":"publish","type":"post","link":"https:\/\/alzira.es\/es\/los-centros-educativos-de-alzira-continuan-las-visitas-guiadas-a-la-planta-de-tratamiento-de-residuos-de-guadassuar\/","title":{"rendered":"Los centros educativos de Alzira contin\u00faan las visitas guiadas a la planta de tratamiento de residuos de Guadassuar"},"content":{"rendered":"<p style=\"text-align: justify;\"><strong>Alzira, 22 de febrero de 2019 &#8211;<\/strong> El CP Alborx\u00ed de Alzira ha visitado esta ma\u00f1ana del viernes la planta de tratamiento de residuos de Guadassuar, dentro del plan de visitas gratuitas organizadas desde la Concejal\u00eda de Gesti\u00f3n Urban\u00edstica del Ayuntamiento de Alzira . Unas visitas realizadas en colaboraci\u00f3n con el Consorcio Ribera-Valldigna, para todos los centros educativos de nuestra ciudad y la comarca con el objetivo de informar, tanto al profesorado como al alumnado, que una de las principales tareas a tener en cuenta es el reciclaje en origen.<\/p>\n<p style=\"text-align: justify;\">Fernando Pascual, concejal de Gesti\u00f3n Urban\u00edstica y vicepresidente del Consorcio Ribera-Valldigna, ha estado acompa\u00f1ando los ni\u00f1os y ni\u00f1as del Alborx\u00ed y ha declarado al respecto \u00abEs importante que los j\u00f3venes conozcan de primera mano cu\u00e1l es el problema que provocamos con los residuos que generamos, donde va y las molestias que ocasiona. Estamos viviendo una \u00e9poca en que tenemos que ser conscientes de las medidas a nuestro alcance para ser respetuosos con el medio ambiente, y c\u00f3mo cuidar nuestro entorno como si fuera nuestra casa\u00bb.<\/p>\n<p style=\"text-align: center;\"><a href=\"https:\/\/alzira.es\/wp-content\/uploads\/2019\/02\/20190222_100034.jpg\" target=\"_blank\" rel=\"noopener\"><img fetchpriority=\"high\" decoding=\"async\" class=\" size-full wp-image-39075\" title=\"Los centros educativos de Alzira contin\u00faan las visitas guiadas a la planta de tratamiento de residuos de Guadassuar\" src=\"https:\/\/alzira.es\/wp-content\/uploads\/2019\/02\/20190222_100034.jpg\" alt=\"20190222 100034\" width=\"400\" height=\"300\" srcset=\"https:\/\/alzira.es\/wp-content\/uploads\/2019\/02\/20190222_100034.jpg 1200w, https:\/\/alzira.es\/wp-content\/uploads\/2019\/02\/20190222_100034-680x510.jpg 680w, https:\/\/alzira.es\/wp-content\/uploads\/2019\/02\/20190222_100034-768x576.jpg 768w\" sizes=\"(max-width: 400px) 100vw, 400px\" \/><\/a>&nbsp;<a href=\"https:\/\/alzira.es\/wp-content\/uploads\/2019\/02\/20190222_104144.jpg\" target=\"_blank\" rel=\"noopener\"><img decoding=\"async\" class=\"size-full wp-image-39077 lazyload\" title=\"Los centros educativos de Alzira contin\u00faan las visitas guiadas a la planta de tratamiento de residuos de Guadassuar\" data-src=\"https:\/\/alzira.es\/wp-content\/uploads\/2019\/02\/20190222_104144.jpg\" alt=\"20190222 104144\" width=\"400\" height=\"300\" data-srcset=\"https:\/\/alzira.es\/wp-content\/uploads\/2019\/02\/20190222_104144.jpg 1200w, https:\/\/alzira.es\/wp-content\/uploads\/2019\/02\/20190222_104144-680x510.jpg 680w, https:\/\/alzira.es\/wp-content\/uploads\/2019\/02\/20190222_104144-768x576.jpg 768w\" data-sizes=\"(max-width: 400px) 100vw, 400px\" src=\"data:image\/svg+xml;base64,PHN2ZyB3aWR0aD0iMSIgaGVpZ2h0PSIxIiB4bWxucz0iaHR0cDovL3d3dy53My5vcmcvMjAwMC9zdmciPjwvc3ZnPg==\" style=\"--smush-placeholder-width: 400px; --smush-placeholder-aspect-ratio: 400\/300;\" \/><\/a><\/p>\n","protected":false},"excerpt":{"rendered":"<p>Alzira, 22 de febrero de 2019 &#8211; El CP Alborx\u00ed de Alzira ha visitado esta ma\u00f1ana del viernes la planta de tratamiento de residuos de Guadassuar, dentro del plan de visitas gratuitas organizadas desde la Concejal\u00eda de Gesti\u00f3n Urban\u00edstica del Ayuntamiento de Alzira . Unas visitas realizadas en colaboraci\u00f3n con el Consorcio Ribera-Valldigna, para todos &hellip; <\/p>\n<p class=\"link-more\"><a href=\"https:\/\/alzira.es\/es\/los-centros-educativos-de-alzira-continuan-las-visitas-guiadas-a-la-planta-de-tratamiento-de-residuos-de-guadassuar\/\" class=\"more-link\">Continuar leyendo<span class=\"screen-reader-text\"> \u00abLos centros educativos de Alzira contin\u00faan las visitas guiadas a la planta de tratamiento de residuos de Guadassuar\u00bb<\/span><\/a><\/p>\n","protected":false},"author":12,"featured_media":39075,"comment_status":"","ping_status":"","sticky":false,"template":"","format":"standard","meta":{"_acf_changed":false,"footnotes":""},"categories":[4936],"tags":[],"class_list":["post-39080","post","type-post","status-publish","format-standard","has-post-thumbnail","hentry","category-hemeroteca-es"],"acf":[],"_links":{"self":[{"href":"https:\/\/alzira.es\/es\/wp-json\/wp\/v2\/posts\/39080","targetHints":{"allow":["GET"]}}],"collection":[{"href":"https:\/\/alzira.es\/es\/wp-json\/wp\/v2\/posts"}],"about":[{"href":"https:\/\/alzira.es\/es\/wp-json\/wp\/v2\/types\/post"}],"author":[{"embeddable":true,"href":"https:\/\/alzira.es\/es\/wp-json\/wp\/v2\/users\/12"}],"replies":[{"embeddable":true,"href":"https:\/\/alzira.es\/es\/wp-json\/wp\/v2\/comments?post=39080"}],"version-history":[{"count":0,"href":"https:\/\/alzira.es\/es\/wp-json\/wp\/v2\/posts\/39080\/revisions"}],"wp:featuredmedia":[{"embeddable":true,"href":"https:\/\/alzira.es\/es\/wp-json\/wp\/v2\/media\/39075"}],"wp:attachment":[{"href":"https:\/\/alzira.es\/es\/wp-json\/wp\/v2\/media?parent=39080"}],"wp:term":[{"taxonomy":"category","embeddable":true,"href":"https:\/\/alzira.es\/es\/wp-json\/wp\/v2\/categories?post=39080"},{"taxonomy":"post_tag","embeddable":true,"href":"https:\/\/alzira.es\/es\/wp-json\/wp\/v2\/tags?post=39080"}],"curies":[{"name":"wp","href":"https:\/\/api.w.org\/{rel}","templated":true}]}}