{"id":39069,"date":"2019-02-22T09:20:00","date_gmt":"2019-02-22T08:20:00","guid":{"rendered":"https:\/\/alzira.es\/el-bus-de-la-llengua-arriba-a-alzira\/"},"modified":"2019-02-22T09:20:00","modified_gmt":"2019-02-22T08:20:00","slug":"el-bus-de-la-llengua-arriba-a-alzira","status":"publish","type":"post","link":"https:\/\/alzira.es\/es\/el-bus-de-la-llengua-arriba-a-alzira\/","title":{"rendered":"El bus de la llengua arriba a Alzira"},"content":{"rendered":"<p style=\"text-align: center;\">Divendres <strong>22 de febrer<\/strong>&nbsp;a la Pla\u00e7a Elisa Ram\u00edrez (Mancomunitat) de 9.20h a 16.40h.<\/p>\n<p style=\"text-align: center;\">Dilluns <strong>25 de febrer<\/strong>&nbsp;a la Pla\u00e7a del Carb\u00f3&nbsp;<span style=\"font-size: 14.4px;\">de 9.20h a 16.40h.<\/span><\/p>\n<p style=\"text-align: center;\"><a href=\"https:\/\/alzira.es\/wp-content\/uploads\/2019\/02\/Bus-de-la-LLengua.jpg\" target=\"_blank\" rel=\"noopener\"><span style=\"font-size: 14.4px;\"><img fetchpriority=\"high\" decoding=\"async\" width=\"560\" height=\"315\" class=\" size-full wp-image-39064\" title=\"El bus de la llengua arriba a Alzira\" src=\"https:\/\/alzira.es\/wp-content\/uploads\/2019\/02\/Bus-de-la-LLengua.jpg\" alt=\"Bus-de-la-LLengua\" \/><\/span><\/a><\/p>\n<p>&nbsp;<\/p>\n<p>&nbsp;<\/p>\n","protected":false},"excerpt":{"rendered":"<p>Divendres 22 de febrer&nbsp;a la Pla\u00e7a Elisa Ram\u00edrez (Mancomunitat) de 9.20h a 16.40h. Dilluns 25 de febrer&nbsp;a la Pla\u00e7a del Carb\u00f3&nbsp;de 9.20h a 16.40h. &nbsp; &nbsp;<\/p>\n","protected":false},"author":12,"featured_media":39064,"comment_status":"","ping_status":"","sticky":false,"template":"","format":"standard","meta":{"_acf_changed":false,"footnotes":""},"categories":[],"tags":[],"class_list":["post-39069","post","type-post","status-publish","format-standard","has-post-thumbnail","hentry"],"acf":[],"_links":{"self":[{"href":"https:\/\/alzira.es\/es\/wp-json\/wp\/v2\/posts\/39069","targetHints":{"allow":["GET"]}}],"collection":[{"href":"https:\/\/alzira.es\/es\/wp-json\/wp\/v2\/posts"}],"about":[{"href":"https:\/\/alzira.es\/es\/wp-json\/wp\/v2\/types\/post"}],"author":[{"embeddable":true,"href":"https:\/\/alzira.es\/es\/wp-json\/wp\/v2\/users\/12"}],"replies":[{"embeddable":true,"href":"https:\/\/alzira.es\/es\/wp-json\/wp\/v2\/comments?post=39069"}],"version-history":[{"count":0,"href":"https:\/\/alzira.es\/es\/wp-json\/wp\/v2\/posts\/39069\/revisions"}],"wp:featuredmedia":[{"embeddable":true,"href":"https:\/\/alzira.es\/es\/wp-json\/wp\/v2\/media\/39064"}],"wp:attachment":[{"href":"https:\/\/alzira.es\/es\/wp-json\/wp\/v2\/media?parent=39069"}],"wp:term":[{"taxonomy":"category","embeddable":true,"href":"https:\/\/alzira.es\/es\/wp-json\/wp\/v2\/categories?post=39069"},{"taxonomy":"post_tag","embeddable":true,"href":"https:\/\/alzira.es\/es\/wp-json\/wp\/v2\/tags?post=39069"}],"curies":[{"name":"wp","href":"https:\/\/api.w.org\/{rel}","templated":true}]}}